{"id":1208789,"date":"2026-09-06T09:40:10","date_gmt":"2026-09-06T09:40:10","guid":{"rendered":"https:\/\/madeiraisland.news\/?p=1208789"},"modified":"2026-09-06T09:44:58","modified_gmt":"2026-09-06T09:44:58","slug":"colisao-em-machico-resulta-em-um-ferido-ligeiro","status":"publish","type":"post","link":"https:\/\/madeiraisland.news\/?p=1208789","title":{"rendered":"Colis\u00e3o em Machico resulta em um ferido ligeiro"},"content":{"rendered":"<p>Um homem, de 61 anos, ficou ferido na sequ\u00eancia de uma colis\u00e3o ocorrida na manh\u00e3 deste domingo, na Estrada da Ribeira Seca, em Machico.<br \/>\nO alerta foi dado \u00e0s 8h40 e os Bombeiros Municipais de Machico mobilizaram uma ambul\u00e2ncia para prestar assist\u00eancia \u00e0 v\u00edtima.<br \/>\nO homem apresentava escoria\u00e7\u00f5es no bra\u00e7o direito e, ap\u00f3s receber os primeiros socorros no local, foi transportado para o Centro de Sa\u00fade de Machico.<\/p>\n","protected":false},"excerpt":{"rendered":"<p>Um homem, de 61 anos, ficou ferido na sequ\u00eancia de uma colis\u00e3o ocorrida na manh\u00e3 deste domingo, na Estrada da &#8230; <\/p>\n<p class=\"read-more-container\"><a title=\"Colis\u00e3o em Machico resulta em um ferido ligeiro\" class=\"read-more button\" href=\"https:\/\/madeiraisland.news\/?p=1208789#more-1208789\" aria-label=\"Read more about Colis\u00e3o em Machico resulta em um ferido ligeiro\">Read more<\/a><\/p>\n","protected":false},"author":20,"featured_media":0,"comment_status":"open","ping_status":"","sticky":false,"template":"","format":"standard","meta":{"footnotes":""},"categories":[19],"tags":[],"class_list":["post-1208789","post","type-post","status-publish","format-standard","hentry","category-madeira-island-news","infinite-scroll-item","masonry-post","generate-columns","tablet-grid-50","mobile-grid-100","grid-parent","grid-33"],"_links":{"self":[{"href":"https:\/\/madeiraisland.news\/index.php?rest_route=\/wp\/v2\/posts\/1208789","targetHints":{"allow":["GET"]}}],"collection":[{"href":"https:\/\/madeiraisland.news\/index.php?rest_route=\/wp\/v2\/posts"}],"about":[{"href":"https:\/\/madeiraisland.news\/index.php?rest_route=\/wp\/v2\/types\/post"}],"author":[{"embeddable":true,"href":"https:\/\/madeiraisland.news\/index.php?rest_route=\/wp\/v2\/users\/20"}],"replies":[{"embeddable":true,"href":"https:\/\/madeiraisland.news\/index.php?rest_route=%2Fwp%2Fv2%2Fcomments&post=1208789"}],"version-history":[{"count":1,"href":"https:\/\/madeiraisland.news\/index.php?rest_route=\/wp\/v2\/posts\/1208789\/revisions"}],"predecessor-version":[{"id":1208790,"href":"https:\/\/madeiraisland.news\/index.php?rest_route=\/wp\/v2\/posts\/1208789\/revisions\/1208790"}],"wp:attachment":[{"href":"https:\/\/madeiraisland.news\/index.php?rest_route=%2Fwp%2Fv2%2Fmedia&parent=1208789"}],"wp:term":[{"taxonomy":"category","embeddable":true,"href":"https:\/\/madeiraisland.news\/index.php?rest_route=%2Fwp%2Fv2%2Fcategories&post=1208789"},{"taxonomy":"post_tag","embeddable":true,"href":"https:\/\/madeiraisland.news\/index.php?rest_route=%2Fwp%2Fv2%2Ftags&post=1208789"}],"curies":[{"name":"wp","href":"https:\/\/api.w.org\/{rel}","templated":true}]}}