{"id":1208785,"date":"2026-09-06T09:03:09","date_gmt":"2026-09-06T09:03:09","guid":{"rendered":"https:\/\/madeiraisland.news\/?p=1208785"},"modified":"2026-09-06T09:22:32","modified_gmt":"2026-09-06T09:22:32","slug":"dois-veiculos-colidiram-na-entrada-da-via-rapida-na-cancela","status":"publish","type":"post","link":"https:\/\/madeiraisland.news\/?p=1208785","title":{"rendered":"Dois ve\u00edculos colidiram na entrada da Via R\u00e1pida na Cancela"},"content":{"rendered":"<p>Dois ve\u00edculos ligeiros colidiram, h\u00e1 instantes, na entrada da Via R\u00e1pida, na zona da Cancela, na Madeira.<br \/>\nSegundo o que foi poss\u00edvel apurar, o acidente n\u00e3o ter\u00e1 causado feridos, tendo resultado apenas em danos materiais nas viaturas envolvidas.<br \/>\nO acidente acontece precisamente no N\u00f3 da Ponte da Quinta, que foi alvo de recente interven\u00e7\u00e3o com uma nova via de acelera\u00e7\u00e3o.<\/p>\n","protected":false},"excerpt":{"rendered":"<p>Dois ve\u00edculos ligeiros colidiram, h\u00e1 instantes, na entrada da Via R\u00e1pida, na zona da Cancela, na Madeira. Segundo o que &#8230; <\/p>\n<p class=\"read-more-container\"><a title=\"Dois ve\u00edculos colidiram na entrada da Via R\u00e1pida na Cancela\" class=\"read-more button\" href=\"https:\/\/madeiraisland.news\/?p=1208785#more-1208785\" aria-label=\"Read more about Dois ve\u00edculos colidiram na entrada da Via R\u00e1pida na Cancela\">Read more<\/a><\/p>\n","protected":false},"author":20,"featured_media":0,"comment_status":"open","ping_status":"","sticky":false,"template":"","format":"standard","meta":{"footnotes":""},"categories":[19],"tags":[],"class_list":["post-1208785","post","type-post","status-publish","format-standard","hentry","category-madeira-island-news","infinite-scroll-item","masonry-post","generate-columns","tablet-grid-50","mobile-grid-100","grid-parent","grid-33"],"_links":{"self":[{"href":"https:\/\/madeiraisland.news\/index.php?rest_route=\/wp\/v2\/posts\/1208785","targetHints":{"allow":["GET"]}}],"collection":[{"href":"https:\/\/madeiraisland.news\/index.php?rest_route=\/wp\/v2\/posts"}],"about":[{"href":"https:\/\/madeiraisland.news\/index.php?rest_route=\/wp\/v2\/types\/post"}],"author":[{"embeddable":true,"href":"https:\/\/madeiraisland.news\/index.php?rest_route=\/wp\/v2\/users\/20"}],"replies":[{"embeddable":true,"href":"https:\/\/madeiraisland.news\/index.php?rest_route=%2Fwp%2Fv2%2Fcomments&post=1208785"}],"version-history":[{"count":1,"href":"https:\/\/madeiraisland.news\/index.php?rest_route=\/wp\/v2\/posts\/1208785\/revisions"}],"predecessor-version":[{"id":1208786,"href":"https:\/\/madeiraisland.news\/index.php?rest_route=\/wp\/v2\/posts\/1208785\/revisions\/1208786"}],"wp:attachment":[{"href":"https:\/\/madeiraisland.news\/index.php?rest_route=%2Fwp%2Fv2%2Fmedia&parent=1208785"}],"wp:term":[{"taxonomy":"category","embeddable":true,"href":"https:\/\/madeiraisland.news\/index.php?rest_route=%2Fwp%2Fv2%2Fcategories&post=1208785"},{"taxonomy":"post_tag","embeddable":true,"href":"https:\/\/madeiraisland.news\/index.php?rest_route=%2Fwp%2Fv2%2Ftags&post=1208785"}],"curies":[{"name":"wp","href":"https:\/\/api.w.org\/{rel}","templated":true}]}}