{"id":1208783,"date":"2026-09-06T08:33:36","date_gmt":"2026-09-06T08:33:36","guid":{"rendered":"https:\/\/madeiraisland.news\/?p=1208783"},"modified":"2026-09-06T08:46:54","modified_gmt":"2026-09-06T08:46:54","slug":"viatura-incendeia-se-na-saida-da-via-rapida-em-camara-de-lobos","status":"publish","type":"post","link":"https:\/\/madeiraisland.news\/?p=1208783","title":{"rendered":"Viatura incendeia-se na sa\u00edda da Via R\u00e1pida em C\u00e2mara de Lobos"},"content":{"rendered":"<p>Uma viatura incendiou-se, na manh\u00e3 deste domingo, na sa\u00edda da Via R\u00e1pida, em C\u00e2mara de Lobos &#8211; logo depois da Ponte dos Socorridos.<br \/>\nOs Bombeiros Volunt\u00e1rios de C\u00e2mara de Lobos foram mobilizados para o local e j\u00e1 se encontram a combater as chamas.<br \/>\nPara j\u00e1, s\u00e3o ainda escassas as informa\u00e7\u00f5es sobre a ocorr\u00eancia, desconhecendo-se as causas do inc\u00eandio e se haver\u00e1 feridos.<\/p>\n","protected":false},"excerpt":{"rendered":"<p>Uma viatura incendiou-se, na manh\u00e3 deste domingo, na sa\u00edda da Via R\u00e1pida, em C\u00e2mara de Lobos &#8211; logo depois da &#8230; <\/p>\n<p class=\"read-more-container\"><a title=\"Viatura incendeia-se na sa\u00edda da Via R\u00e1pida em C\u00e2mara de Lobos\" class=\"read-more button\" href=\"https:\/\/madeiraisland.news\/?p=1208783#more-1208783\" aria-label=\"Read more about Viatura incendeia-se na sa\u00edda da Via R\u00e1pida em C\u00e2mara de Lobos\">Read more<\/a><\/p>\n","protected":false},"author":304,"featured_media":0,"comment_status":"open","ping_status":"","sticky":false,"template":"","format":"standard","meta":{"footnotes":""},"categories":[19],"tags":[],"class_list":["post-1208783","post","type-post","status-publish","format-standard","hentry","category-madeira-island-news","infinite-scroll-item","masonry-post","generate-columns","tablet-grid-50","mobile-grid-100","grid-parent","grid-33"],"_links":{"self":[{"href":"https:\/\/madeiraisland.news\/index.php?rest_route=\/wp\/v2\/posts\/1208783","targetHints":{"allow":["GET"]}}],"collection":[{"href":"https:\/\/madeiraisland.news\/index.php?rest_route=\/wp\/v2\/posts"}],"about":[{"href":"https:\/\/madeiraisland.news\/index.php?rest_route=\/wp\/v2\/types\/post"}],"author":[{"embeddable":true,"href":"https:\/\/madeiraisland.news\/index.php?rest_route=\/wp\/v2\/users\/304"}],"replies":[{"embeddable":true,"href":"https:\/\/madeiraisland.news\/index.php?rest_route=%2Fwp%2Fv2%2Fcomments&post=1208783"}],"version-history":[{"count":1,"href":"https:\/\/madeiraisland.news\/index.php?rest_route=\/wp\/v2\/posts\/1208783\/revisions"}],"predecessor-version":[{"id":1208784,"href":"https:\/\/madeiraisland.news\/index.php?rest_route=\/wp\/v2\/posts\/1208783\/revisions\/1208784"}],"wp:attachment":[{"href":"https:\/\/madeiraisland.news\/index.php?rest_route=%2Fwp%2Fv2%2Fmedia&parent=1208783"}],"wp:term":[{"taxonomy":"category","embeddable":true,"href":"https:\/\/madeiraisland.news\/index.php?rest_route=%2Fwp%2Fv2%2Fcategories&post=1208783"},{"taxonomy":"post_tag","embeddable":true,"href":"https:\/\/madeiraisland.news\/index.php?rest_route=%2Fwp%2Fv2%2Ftags&post=1208783"}],"curies":[{"name":"wp","href":"https:\/\/api.w.org\/{rel}","templated":true}]}}