{"id":1208775,"date":"2026-09-05T17:36:20","date_gmt":"2026-09-05T17:36:20","guid":{"rendered":"https:\/\/madeiraisland.news\/?p=1208775"},"modified":"2026-09-05T17:49:56","modified_gmt":"2026-09-05T17:49:56","slug":"quercus-critica-aposta-irracional-no-golfe-e-quer-salvaguarda-da-agricultura-e-recursos-hidricos","status":"publish","type":"post","link":"https:\/\/madeiraisland.news\/?p=1208775","title":{"rendered":"Quercus critica \u201caposta irracional no golfe\u201d e quer salvaguarda da agricultura e recursos h\u00eddricos"},"content":{"rendered":"<p>O N\u00facleo Regional da Quercus da Madeira alertou ontem, em comunicado, para a excessiva depend\u00eancia da regi\u00e3o face ao exterior no que respeita ao abastecimento alimentar e para a vulnerabilidade que da\u00ed resultar\u00e1 perante uma eventual crise alimentar global. Apela \u00e0 conserva\u00e7\u00e3o do solo agr\u00edcola, essencial para garantir um n\u00edvel m\u00ednimo de resili\u00eancia e autonomia, [\u2026]<\/p>\n","protected":false},"excerpt":{"rendered":"<p>O N\u00facleo Regional da Quercus da Madeira alertou ontem, em comunicado, para a excessiva depend\u00eancia da regi\u00e3o face ao exterior &#8230; <\/p>\n<p class=\"read-more-container\"><a title=\"Quercus critica \u201caposta irracional no golfe\u201d e quer salvaguarda da agricultura e recursos h\u00eddricos\" class=\"read-more button\" href=\"https:\/\/madeiraisland.news\/?p=1208775#more-1208775\" aria-label=\"Read more about Quercus critica \u201caposta irracional no golfe\u201d e quer salvaguarda da agricultura e recursos h\u00eddricos\">Read more<\/a><\/p>\n","protected":false},"author":258,"featured_media":0,"comment_status":"open","ping_status":"","sticky":false,"template":"","format":"standard","meta":{"footnotes":""},"categories":[19],"tags":[],"class_list":["post-1208775","post","type-post","status-publish","format-standard","hentry","category-madeira-island-news","infinite-scroll-item","masonry-post","generate-columns","tablet-grid-50","mobile-grid-100","grid-parent","grid-33"],"_links":{"self":[{"href":"https:\/\/madeiraisland.news\/index.php?rest_route=\/wp\/v2\/posts\/1208775","targetHints":{"allow":["GET"]}}],"collection":[{"href":"https:\/\/madeiraisland.news\/index.php?rest_route=\/wp\/v2\/posts"}],"about":[{"href":"https:\/\/madeiraisland.news\/index.php?rest_route=\/wp\/v2\/types\/post"}],"author":[{"embeddable":true,"href":"https:\/\/madeiraisland.news\/index.php?rest_route=\/wp\/v2\/users\/258"}],"replies":[{"embeddable":true,"href":"https:\/\/madeiraisland.news\/index.php?rest_route=%2Fwp%2Fv2%2Fcomments&post=1208775"}],"version-history":[{"count":1,"href":"https:\/\/madeiraisland.news\/index.php?rest_route=\/wp\/v2\/posts\/1208775\/revisions"}],"predecessor-version":[{"id":1208776,"href":"https:\/\/madeiraisland.news\/index.php?rest_route=\/wp\/v2\/posts\/1208775\/revisions\/1208776"}],"wp:attachment":[{"href":"https:\/\/madeiraisland.news\/index.php?rest_route=%2Fwp%2Fv2%2Fmedia&parent=1208775"}],"wp:term":[{"taxonomy":"category","embeddable":true,"href":"https:\/\/madeiraisland.news\/index.php?rest_route=%2Fwp%2Fv2%2Fcategories&post=1208775"},{"taxonomy":"post_tag","embeddable":true,"href":"https:\/\/madeiraisland.news\/index.php?rest_route=%2Fwp%2Fv2%2Ftags&post=1208775"}],"curies":[{"name":"wp","href":"https:\/\/api.w.org\/{rel}","templated":true}]}}