{"id":1208773,"date":"2026-09-05T15:52:25","date_gmt":"2026-09-05T15:52:25","guid":{"rendered":"https:\/\/madeiraisland.news\/?p=1208773"},"modified":"2026-09-05T15:59:59","modified_gmt":"2026-09-05T15:59:59","slug":"jpp-propoe-subsidio-de-mobilidade-de-mercadorias-para-baixar-custo-de-vida","status":"publish","type":"post","link":"https:\/\/madeiraisland.news\/?p=1208773","title":{"rendered":"JPP prop\u00f5e \u201csubs\u00eddio de mobilidade de mercadorias\u201d para baixar custo de vida"},"content":{"rendered":"<p>O deputado do Juntos Pelo Povo (JPP), Filipe Sousa, apresentou na Assembleia da Rep\u00fablica um Projecto de Lei que cria o Regime Nacional de Compensa\u00e7\u00e3o dos Sobrecustos do Transporte Mar\u00edtimo de Mercadorias, entre o continente e as Regi\u00f5es Aut\u00f3nomas da Madeira e dos A\u00e7ores, nos dois sentidos, abrangendo tamb\u00e9m situa\u00e7\u00f5es espec\u00edficas de transporte interilhas, destinado [\u2026]<\/p>\n","protected":false},"excerpt":{"rendered":"<p>O deputado do Juntos Pelo Povo (JPP), Filipe Sousa, apresentou na Assembleia da Rep\u00fablica um Projecto de Lei que cria &#8230; <\/p>\n<p class=\"read-more-container\"><a title=\"JPP prop\u00f5e \u201csubs\u00eddio de mobilidade de mercadorias\u201d para baixar custo de vida\" class=\"read-more button\" href=\"https:\/\/madeiraisland.news\/?p=1208773#more-1208773\" aria-label=\"Read more about JPP prop\u00f5e \u201csubs\u00eddio de mobilidade de mercadorias\u201d para baixar custo de vida\">Read more<\/a><\/p>\n","protected":false},"author":258,"featured_media":0,"comment_status":"open","ping_status":"","sticky":false,"template":"","format":"standard","meta":{"footnotes":""},"categories":[19],"tags":[],"class_list":["post-1208773","post","type-post","status-publish","format-standard","hentry","category-madeira-island-news","infinite-scroll-item","masonry-post","generate-columns","tablet-grid-50","mobile-grid-100","grid-parent","grid-33"],"_links":{"self":[{"href":"https:\/\/madeiraisland.news\/index.php?rest_route=\/wp\/v2\/posts\/1208773","targetHints":{"allow":["GET"]}}],"collection":[{"href":"https:\/\/madeiraisland.news\/index.php?rest_route=\/wp\/v2\/posts"}],"about":[{"href":"https:\/\/madeiraisland.news\/index.php?rest_route=\/wp\/v2\/types\/post"}],"author":[{"embeddable":true,"href":"https:\/\/madeiraisland.news\/index.php?rest_route=\/wp\/v2\/users\/258"}],"replies":[{"embeddable":true,"href":"https:\/\/madeiraisland.news\/index.php?rest_route=%2Fwp%2Fv2%2Fcomments&post=1208773"}],"version-history":[{"count":1,"href":"https:\/\/madeiraisland.news\/index.php?rest_route=\/wp\/v2\/posts\/1208773\/revisions"}],"predecessor-version":[{"id":1208774,"href":"https:\/\/madeiraisland.news\/index.php?rest_route=\/wp\/v2\/posts\/1208773\/revisions\/1208774"}],"wp:attachment":[{"href":"https:\/\/madeiraisland.news\/index.php?rest_route=%2Fwp%2Fv2%2Fmedia&parent=1208773"}],"wp:term":[{"taxonomy":"category","embeddable":true,"href":"https:\/\/madeiraisland.news\/index.php?rest_route=%2Fwp%2Fv2%2Fcategories&post=1208773"},{"taxonomy":"post_tag","embeddable":true,"href":"https:\/\/madeiraisland.news\/index.php?rest_route=%2Fwp%2Fv2%2Ftags&post=1208773"}],"curies":[{"name":"wp","href":"https:\/\/api.w.org\/{rel}","templated":true}]}}