{"id":1208767,"date":"2026-09-05T15:25:48","date_gmt":"2026-09-05T15:25:48","guid":{"rendered":"https:\/\/madeiraisland.news\/?p=1208767"},"modified":"2026-09-05T15:37:22","modified_gmt":"2026-09-05T15:37:22","slug":"ps-m-quer-compromisso-da-republica-para-financiamento-do-novo-hospital","status":"publish","type":"post","link":"https:\/\/madeiraisland.news\/?p=1208767","title":{"rendered":"PS-M quer compromisso da Rep\u00fablica para financiamento do novo Hospital"},"content":{"rendered":"<p>O PS da Madeira expressou hoje a sua preocupa\u00e7\u00e3o face \u00e0 aus\u00eancia de garantias formais por parte do Governo da Rep\u00fablica relativamente ao financiamento de 50% para a nova fase de constru\u00e7\u00e3o e equipamento do Hospital Central e Universit\u00e1rio da Madeira. Em declara\u00e7\u00f5es prestadas no local, a presidente do PS-M, C\u00e9lia Pessegueiro, alertou para o [\u2026]<\/p>\n","protected":false},"excerpt":{"rendered":"<p>O PS da Madeira expressou hoje a sua preocupa\u00e7\u00e3o face \u00e0 aus\u00eancia de garantias formais por parte do Governo da &#8230; <\/p>\n<p class=\"read-more-container\"><a title=\"PS-M quer compromisso da Rep\u00fablica para financiamento do novo Hospital\" class=\"read-more button\" href=\"https:\/\/madeiraisland.news\/?p=1208767#more-1208767\" aria-label=\"Read more about PS-M quer compromisso da Rep\u00fablica para financiamento do novo Hospital\">Read more<\/a><\/p>\n","protected":false},"author":258,"featured_media":0,"comment_status":"open","ping_status":"","sticky":false,"template":"","format":"standard","meta":{"footnotes":""},"categories":[19],"tags":[],"class_list":["post-1208767","post","type-post","status-publish","format-standard","hentry","category-madeira-island-news","infinite-scroll-item","masonry-post","generate-columns","tablet-grid-50","mobile-grid-100","grid-parent","grid-33"],"_links":{"self":[{"href":"https:\/\/madeiraisland.news\/index.php?rest_route=\/wp\/v2\/posts\/1208767","targetHints":{"allow":["GET"]}}],"collection":[{"href":"https:\/\/madeiraisland.news\/index.php?rest_route=\/wp\/v2\/posts"}],"about":[{"href":"https:\/\/madeiraisland.news\/index.php?rest_route=\/wp\/v2\/types\/post"}],"author":[{"embeddable":true,"href":"https:\/\/madeiraisland.news\/index.php?rest_route=\/wp\/v2\/users\/258"}],"replies":[{"embeddable":true,"href":"https:\/\/madeiraisland.news\/index.php?rest_route=%2Fwp%2Fv2%2Fcomments&post=1208767"}],"version-history":[{"count":1,"href":"https:\/\/madeiraisland.news\/index.php?rest_route=\/wp\/v2\/posts\/1208767\/revisions"}],"predecessor-version":[{"id":1208768,"href":"https:\/\/madeiraisland.news\/index.php?rest_route=\/wp\/v2\/posts\/1208767\/revisions\/1208768"}],"wp:attachment":[{"href":"https:\/\/madeiraisland.news\/index.php?rest_route=%2Fwp%2Fv2%2Fmedia&parent=1208767"}],"wp:term":[{"taxonomy":"category","embeddable":true,"href":"https:\/\/madeiraisland.news\/index.php?rest_route=%2Fwp%2Fv2%2Fcategories&post=1208767"},{"taxonomy":"post_tag","embeddable":true,"href":"https:\/\/madeiraisland.news\/index.php?rest_route=%2Fwp%2Fv2%2Ftags&post=1208767"}],"curies":[{"name":"wp","href":"https:\/\/api.w.org\/{rel}","templated":true}]}}