{"id":1208764,"date":"2026-09-05T14:30:28","date_gmt":"2026-09-05T14:30:28","guid":{"rendered":"https:\/\/madeiraisland.news\/?p=1208764"},"modified":"2026-09-05T14:46:26","modified_gmt":"2026-09-05T14:46:26","slug":"ipma-eleva-de-14-para-17-distritos-sob-aviso-amarelo-ate-as-21h00","status":"publish","type":"post","link":"https:\/\/madeiraisland.news\/?p=1208764","title":{"rendered":"IPMA eleva de 14 para 17 distritos sob aviso amarelo at\u00e9 \u00e0s 21h00"},"content":{"rendered":"<p>O Instituto Portugu\u00eas do Mar e da Atmosfera (IPMA) elevou hoje de 14 para 17 o n\u00famero de distritos sob aviso amarelo at\u00e9 \u00e0s 21:00, sendo a exce\u00e7\u00e3o Viana do Castelo.<br \/>\nNo aviso feito na sexta-feira, o IPMA assinalou, por causa do tempo quente, sob aviso amarelo os distritos de Bragan\u00e7a, Viseu, \u00c9vora, Guarda, Faro, Vila Real, Set\u00fabal, Santar\u00e9m, Lisboa, Leiria, Beja, Castelo Branco, Coimbra e Portalegre at\u00e9 \u00e0s 19:00 de s\u00e1bado.<br \/>\nNa atualiza\u00e7\u00e3o feita ao in\u00edcio da tarde de hoje, o IPMA juntou-lhe os dist<\/p>\n","protected":false},"excerpt":{"rendered":"<p>O Instituto Portugu\u00eas do Mar e da Atmosfera (IPMA) elevou hoje de 14 para 17 o n\u00famero de distritos sob aviso amarelo at\u00e9 \u00e0s 21:00, sendo a exce\u00e7\u00e3o Viana do Castelo. No aviso feito na<\/p>\n","protected":false},"author":5,"featured_media":0,"comment_status":"open","ping_status":"","sticky":false,"template":"","format":"standard","meta":{"footnotes":""},"categories":[19],"tags":[],"class_list":["post-1208764","post","type-post","status-publish","format-standard","hentry","category-madeira-island-news","infinite-scroll-item","masonry-post","generate-columns","tablet-grid-50","mobile-grid-100","grid-parent","grid-33"],"_links":{"self":[{"href":"https:\/\/madeiraisland.news\/index.php?rest_route=\/wp\/v2\/posts\/1208764","targetHints":{"allow":["GET"]}}],"collection":[{"href":"https:\/\/madeiraisland.news\/index.php?rest_route=\/wp\/v2\/posts"}],"about":[{"href":"https:\/\/madeiraisland.news\/index.php?rest_route=\/wp\/v2\/types\/post"}],"author":[{"embeddable":true,"href":"https:\/\/madeiraisland.news\/index.php?rest_route=\/wp\/v2\/users\/5"}],"replies":[{"embeddable":true,"href":"https:\/\/madeiraisland.news\/index.php?rest_route=%2Fwp%2Fv2%2Fcomments&post=1208764"}],"version-history":[{"count":2,"href":"https:\/\/madeiraisland.news\/index.php?rest_route=\/wp\/v2\/posts\/1208764\/revisions"}],"predecessor-version":[{"id":1208766,"href":"https:\/\/madeiraisland.news\/index.php?rest_route=\/wp\/v2\/posts\/1208764\/revisions\/1208766"}],"wp:attachment":[{"href":"https:\/\/madeiraisland.news\/index.php?rest_route=%2Fwp%2Fv2%2Fmedia&parent=1208764"}],"wp:term":[{"taxonomy":"category","embeddable":true,"href":"https:\/\/madeiraisland.news\/index.php?rest_route=%2Fwp%2Fv2%2Fcategories&post=1208764"},{"taxonomy":"post_tag","embeddable":true,"href":"https:\/\/madeiraisland.news\/index.php?rest_route=%2Fwp%2Fv2%2Ftags&post=1208764"}],"curies":[{"name":"wp","href":"https:\/\/api.w.org\/{rel}","templated":true}]}}