{"id":1208760,"date":"2026-09-05T14:19:00","date_gmt":"2026-09-05T14:19:00","guid":{"rendered":"https:\/\/madeiraisland.news\/?p=1208760"},"modified":"2026-09-05T14:30:04","modified_gmt":"2026-09-05T14:30:04","slug":"estepilha-a-calcada-esta-em-pessimo-estado-no-passeio-sul-da-avenida-do-infante","status":"publish","type":"post","link":"https:\/\/madeiraisland.news\/?p=1208760","title":{"rendered":"Estepilha, a cal\u00e7ada est\u00e1 em p\u00e9ssimo estado no passeio sul da Avenida do Infante\u2026"},"content":{"rendered":"<p>Rui Marote O Estepilha deparou com um cen\u00e1rio lament\u00e1vel no passeio p\u00fablico. Ao circularmos no passeio sul da Avenida do Infante, uma art\u00e9ria vital da nossa cidade mais especificamente na zona em frente ao Centro Comercial Olimpo, num espa\u00e7o que se estende desde as lojas de souvenirs at\u00e9 \u00e0 entrada de um hotel de quatro [\u2026]<\/p>\n","protected":false},"excerpt":{"rendered":"<p>Rui Marote O Estepilha deparou com um cen\u00e1rio lament\u00e1vel no passeio p\u00fablico. Ao circularmos no passeio sul da Avenida do &#8230; <\/p>\n<p class=\"read-more-container\"><a title=\"Estepilha, a cal\u00e7ada est\u00e1 em p\u00e9ssimo estado no passeio sul da Avenida do Infante\u2026\" class=\"read-more button\" href=\"https:\/\/madeiraisland.news\/?p=1208760#more-1208760\" aria-label=\"Read more about Estepilha, a cal\u00e7ada est\u00e1 em p\u00e9ssimo estado no passeio sul da Avenida do Infante\u2026\">Read more<\/a><\/p>\n","protected":false},"author":260,"featured_media":0,"comment_status":"open","ping_status":"","sticky":false,"template":"","format":"standard","meta":{"footnotes":""},"categories":[19],"tags":[],"class_list":["post-1208760","post","type-post","status-publish","format-standard","hentry","category-madeira-island-news","infinite-scroll-item","masonry-post","generate-columns","tablet-grid-50","mobile-grid-100","grid-parent","grid-33"],"_links":{"self":[{"href":"https:\/\/madeiraisland.news\/index.php?rest_route=\/wp\/v2\/posts\/1208760","targetHints":{"allow":["GET"]}}],"collection":[{"href":"https:\/\/madeiraisland.news\/index.php?rest_route=\/wp\/v2\/posts"}],"about":[{"href":"https:\/\/madeiraisland.news\/index.php?rest_route=\/wp\/v2\/types\/post"}],"author":[{"embeddable":true,"href":"https:\/\/madeiraisland.news\/index.php?rest_route=\/wp\/v2\/users\/260"}],"replies":[{"embeddable":true,"href":"https:\/\/madeiraisland.news\/index.php?rest_route=%2Fwp%2Fv2%2Fcomments&post=1208760"}],"version-history":[{"count":1,"href":"https:\/\/madeiraisland.news\/index.php?rest_route=\/wp\/v2\/posts\/1208760\/revisions"}],"predecessor-version":[{"id":1208761,"href":"https:\/\/madeiraisland.news\/index.php?rest_route=\/wp\/v2\/posts\/1208760\/revisions\/1208761"}],"wp:attachment":[{"href":"https:\/\/madeiraisland.news\/index.php?rest_route=%2Fwp%2Fv2%2Fmedia&parent=1208760"}],"wp:term":[{"taxonomy":"category","embeddable":true,"href":"https:\/\/madeiraisland.news\/index.php?rest_route=%2Fwp%2Fv2%2Fcategories&post=1208760"},{"taxonomy":"post_tag","embeddable":true,"href":"https:\/\/madeiraisland.news\/index.php?rest_route=%2Fwp%2Fv2%2Ftags&post=1208760"}],"curies":[{"name":"wp","href":"https:\/\/api.w.org\/{rel}","templated":true}]}}