{"id":1208758,"date":"2026-09-05T14:25:15","date_gmt":"2026-09-05T14:25:15","guid":{"rendered":"https:\/\/madeiraisland.news\/?p=1208758"},"modified":"2026-09-05T14:30:04","modified_gmt":"2026-09-05T14:30:04","slug":"be-questiona-ministerio-da-cultura-sobre-futuro-da-casa-de-lourdes-castro","status":"publish","type":"post","link":"https:\/\/madeiraisland.news\/?p=1208758","title":{"rendered":"BE questiona Minist\u00e9rio da Cultura sobre futuro da casa de Lourdes Castro"},"content":{"rendered":"<p>O Bloco de Esquerda, atrav\u00e9s da deputada Andreia Galv\u00e3o, vai dirigir quest\u00f5es ao Minist\u00e9rio da Cultura sobre o futuro da casa e atelier de Lourdes Castro, actualmente colocados \u00e0 venda por 4,1 milh\u00f5es de euros, informa o partido. Para o Bloco de Esquerda, \u201c\u00e9 incompreens\u00edvel que um espa\u00e7o com a import\u00e2ncia cultural e art\u00edstica da [\u2026]<\/p>\n","protected":false},"excerpt":{"rendered":"<p>O Bloco de Esquerda, atrav\u00e9s da deputada Andreia Galv\u00e3o, vai dirigir quest\u00f5es ao Minist\u00e9rio da Cultura sobre o futuro da &#8230; <\/p>\n<p class=\"read-more-container\"><a title=\"BE questiona Minist\u00e9rio da Cultura sobre futuro da casa de Lourdes Castro\" class=\"read-more button\" href=\"https:\/\/madeiraisland.news\/?p=1208758#more-1208758\" aria-label=\"Read more about BE questiona Minist\u00e9rio da Cultura sobre futuro da casa de Lourdes Castro\">Read more<\/a><\/p>\n","protected":false},"author":258,"featured_media":0,"comment_status":"open","ping_status":"","sticky":false,"template":"","format":"standard","meta":{"footnotes":""},"categories":[19],"tags":[],"class_list":["post-1208758","post","type-post","status-publish","format-standard","hentry","category-madeira-island-news","infinite-scroll-item","masonry-post","generate-columns","tablet-grid-50","mobile-grid-100","grid-parent","grid-33"],"_links":{"self":[{"href":"https:\/\/madeiraisland.news\/index.php?rest_route=\/wp\/v2\/posts\/1208758","targetHints":{"allow":["GET"]}}],"collection":[{"href":"https:\/\/madeiraisland.news\/index.php?rest_route=\/wp\/v2\/posts"}],"about":[{"href":"https:\/\/madeiraisland.news\/index.php?rest_route=\/wp\/v2\/types\/post"}],"author":[{"embeddable":true,"href":"https:\/\/madeiraisland.news\/index.php?rest_route=\/wp\/v2\/users\/258"}],"replies":[{"embeddable":true,"href":"https:\/\/madeiraisland.news\/index.php?rest_route=%2Fwp%2Fv2%2Fcomments&post=1208758"}],"version-history":[{"count":1,"href":"https:\/\/madeiraisland.news\/index.php?rest_route=\/wp\/v2\/posts\/1208758\/revisions"}],"predecessor-version":[{"id":1208759,"href":"https:\/\/madeiraisland.news\/index.php?rest_route=\/wp\/v2\/posts\/1208758\/revisions\/1208759"}],"wp:attachment":[{"href":"https:\/\/madeiraisland.news\/index.php?rest_route=%2Fwp%2Fv2%2Fmedia&parent=1208758"}],"wp:term":[{"taxonomy":"category","embeddable":true,"href":"https:\/\/madeiraisland.news\/index.php?rest_route=%2Fwp%2Fv2%2Fcategories&post=1208758"},{"taxonomy":"post_tag","embeddable":true,"href":"https:\/\/madeiraisland.news\/index.php?rest_route=%2Fwp%2Fv2%2Ftags&post=1208758"}],"curies":[{"name":"wp","href":"https:\/\/api.w.org\/{rel}","templated":true}]}}