{"id":1208756,"date":"2026-09-05T14:00:12","date_gmt":"2026-09-05T14:00:12","guid":{"rendered":"https:\/\/madeiraisland.news\/?p=1208756"},"modified":"2026-09-05T14:05:10","modified_gmt":"2026-09-05T14:05:10","slug":"incendios-mobilizam-41-operacionais-e-11-meios","status":"publish","type":"post","link":"https:\/\/madeiraisland.news\/?p=1208756","title":{"rendered":"Inc\u00eandios mobilizam 41 operacionais e 11 meios"},"content":{"rendered":"<p>Os dois inc\u00eandios que deflagraram esta manh\u00e3 nas serras do Campan\u00e1rio, com cerca de um quil\u00f3metro de dist\u00e2ncia entre si, mobilizaram 41 operacionais, 11 meios terrestres e um meio a\u00e9reo, revelou ao DI\u00c1RIO Sid\u00f3nio Pio, comandante dos Bombeiros Mistos da Ribeira Brava e Ponta do Sol.<br \/>\nRefer\u00eancia ao artigo: Inc\u00eandio no Lugar da Serra mobiliza cinco corpora\u00e7\u00f5es e helic\u00f3ptero<br \/>\nO inc\u00eandio na Estrada dos Terreiros mant\u00e9m-se em fase de rescaldo e vigil\u00e2ncia, enquanto o da Estrada do Lugar da Serra j\u00e1 se e<\/p>\n","protected":false},"excerpt":{"rendered":"<p>Os dois inc\u00eandios que deflagraram esta manh\u00e3 nas serras do Campan\u00e1rio, com cerca de um quil\u00f3metro de dist\u00e2ncia entre si, &#8230; <\/p>\n<p class=\"read-more-container\"><a title=\"Inc\u00eandios mobilizam 41 operacionais e 11 meios\" class=\"read-more button\" href=\"https:\/\/madeiraisland.news\/?p=1208756#more-1208756\" aria-label=\"Read more about Inc\u00eandios mobilizam 41 operacionais e 11 meios\">Read more<\/a><\/p>\n","protected":false},"author":11,"featured_media":0,"comment_status":"open","ping_status":"","sticky":false,"template":"","format":"standard","meta":{"footnotes":""},"categories":[19],"tags":[],"class_list":["post-1208756","post","type-post","status-publish","format-standard","hentry","category-madeira-island-news","infinite-scroll-item","masonry-post","generate-columns","tablet-grid-50","mobile-grid-100","grid-parent","grid-33"],"_links":{"self":[{"href":"https:\/\/madeiraisland.news\/index.php?rest_route=\/wp\/v2\/posts\/1208756","targetHints":{"allow":["GET"]}}],"collection":[{"href":"https:\/\/madeiraisland.news\/index.php?rest_route=\/wp\/v2\/posts"}],"about":[{"href":"https:\/\/madeiraisland.news\/index.php?rest_route=\/wp\/v2\/types\/post"}],"author":[{"embeddable":true,"href":"https:\/\/madeiraisland.news\/index.php?rest_route=\/wp\/v2\/users\/11"}],"replies":[{"embeddable":true,"href":"https:\/\/madeiraisland.news\/index.php?rest_route=%2Fwp%2Fv2%2Fcomments&post=1208756"}],"version-history":[{"count":1,"href":"https:\/\/madeiraisland.news\/index.php?rest_route=\/wp\/v2\/posts\/1208756\/revisions"}],"predecessor-version":[{"id":1208757,"href":"https:\/\/madeiraisland.news\/index.php?rest_route=\/wp\/v2\/posts\/1208756\/revisions\/1208757"}],"wp:attachment":[{"href":"https:\/\/madeiraisland.news\/index.php?rest_route=%2Fwp%2Fv2%2Fmedia&parent=1208756"}],"wp:term":[{"taxonomy":"category","embeddable":true,"href":"https:\/\/madeiraisland.news\/index.php?rest_route=%2Fwp%2Fv2%2Fcategories&post=1208756"},{"taxonomy":"post_tag","embeddable":true,"href":"https:\/\/madeiraisland.news\/index.php?rest_route=%2Fwp%2Fv2%2Ftags&post=1208756"}],"curies":[{"name":"wp","href":"https:\/\/api.w.org\/{rel}","templated":true}]}}