{"id":1208749,"date":"2026-09-05T10:23:29","date_gmt":"2026-09-05T10:23:29","guid":{"rendered":"https:\/\/madeiraisland.news\/?p=1208749"},"modified":"2026-09-05T10:32:33","modified_gmt":"2026-09-05T10:32:33","slug":"condutor-ferido-em-despiste-em-machico","status":"publish","type":"post","link":"https:\/\/madeiraisland.news\/?p=1208749","title":{"rendered":"Condutor ferido em despiste em Machico"},"content":{"rendered":"<p>Um jovem de<br \/>\n28 anos ficou ferido na sequ\u00eancia de um despiste ocorrido esta madrugada, na Rua<br \/>\nda Ribeira, em Machico, pr\u00f3ximo ao Centro de Sa\u00fade.<br \/>\nO acidente<br \/>\naconteceu cerca da 01h20, quando o condutor perdeu o controlo da viatura, que<br \/>\nacabou por embater no varandim de protec\u00e7\u00e3o da Ribeira de Machico.<br \/>\nOs Bombeiros<br \/>\nMunicipais de Machico foram mobilizados para o local. O jovem apresentava<br \/>\nescoria\u00e7\u00f5es e foi socorrido e transportado para o Servi\u00e7o de Urg\u00eancia do Centro<br \/>\nde Sa\u00fade de Machico.<\/p>\n","protected":false},"excerpt":{"rendered":"<p>Um jovem de 28 anos ficou ferido na sequ\u00eancia de um despiste ocorrido esta madrugada, na Rua da Ribeira, em &#8230; <\/p>\n<p class=\"read-more-container\"><a title=\"Condutor ferido em despiste em Machico\" class=\"read-more button\" href=\"https:\/\/madeiraisland.news\/?p=1208749#more-1208749\" aria-label=\"Read more about Condutor ferido em despiste em Machico\">Read more<\/a><\/p>\n","protected":false},"author":11,"featured_media":0,"comment_status":"open","ping_status":"","sticky":false,"template":"","format":"standard","meta":{"footnotes":""},"categories":[19],"tags":[],"class_list":["post-1208749","post","type-post","status-publish","format-standard","hentry","category-madeira-island-news","infinite-scroll-item","masonry-post","generate-columns","tablet-grid-50","mobile-grid-100","grid-parent","grid-33"],"_links":{"self":[{"href":"https:\/\/madeiraisland.news\/index.php?rest_route=\/wp\/v2\/posts\/1208749","targetHints":{"allow":["GET"]}}],"collection":[{"href":"https:\/\/madeiraisland.news\/index.php?rest_route=\/wp\/v2\/posts"}],"about":[{"href":"https:\/\/madeiraisland.news\/index.php?rest_route=\/wp\/v2\/types\/post"}],"author":[{"embeddable":true,"href":"https:\/\/madeiraisland.news\/index.php?rest_route=\/wp\/v2\/users\/11"}],"replies":[{"embeddable":true,"href":"https:\/\/madeiraisland.news\/index.php?rest_route=%2Fwp%2Fv2%2Fcomments&post=1208749"}],"version-history":[{"count":1,"href":"https:\/\/madeiraisland.news\/index.php?rest_route=\/wp\/v2\/posts\/1208749\/revisions"}],"predecessor-version":[{"id":1208750,"href":"https:\/\/madeiraisland.news\/index.php?rest_route=\/wp\/v2\/posts\/1208749\/revisions\/1208750"}],"wp:attachment":[{"href":"https:\/\/madeiraisland.news\/index.php?rest_route=%2Fwp%2Fv2%2Fmedia&parent=1208749"}],"wp:term":[{"taxonomy":"category","embeddable":true,"href":"https:\/\/madeiraisland.news\/index.php?rest_route=%2Fwp%2Fv2%2Fcategories&post=1208749"},{"taxonomy":"post_tag","embeddable":true,"href":"https:\/\/madeiraisland.news\/index.php?rest_route=%2Fwp%2Fv2%2Ftags&post=1208749"}],"curies":[{"name":"wp","href":"https:\/\/api.w.org\/{rel}","templated":true}]}}