{"id":1208746,"date":"2026-09-05T10:16:22","date_gmt":"2026-09-05T10:16:22","guid":{"rendered":"https:\/\/madeiraisland.news\/?p=1208746"},"modified":"2026-09-05T10:17:26","modified_gmt":"2026-09-05T10:17:26","slug":"policia-maritima-apreende-produto-estupefaciente-na-ilha-do-corvo-nos-acores","status":"publish","type":"post","link":"https:\/\/madeiraisland.news\/?p=1208746","title":{"rendered":"Pol\u00edcia Mar\u00edtima apreende produto estupefaciente na ilha do Corvo nos A\u00e7ores"},"content":{"rendered":"<p>Os<br \/>\nelementos do Comando Local da Pol\u00edcia Mar\u00edtima da Horta apreenderam, esta<br \/>\nsemana, 1,4 quilogramas de produto suspeito de ser<br \/>\ncoca\u00edna, na orla mar\u00edtima da ilha do Corvo, no arquip\u00e9lago dos A\u00e7ores.<br \/>\nA<br \/>\nPol\u00edcia Mar\u00edtima detetou e recolheu uma embalagem que continha produto suspeito<br \/>\nde ser produto estupefaciente, tendo sido adotadas medidas cautelares e de<br \/>\npreserva\u00e7\u00e3o da prova e realizados, em colabora\u00e7\u00e3o com a PSP, testes de rea\u00e7\u00e3o<br \/>\nr\u00e1pida \u00e0 subst\u00e2ncia.<br \/>\nAp\u00f3s<br \/>\nresultados positivos para coca\u00edna, o pro<\/p>\n","protected":false},"excerpt":{"rendered":"<p>Os elementos do Comando Local da Pol\u00edcia Mar\u00edtima da Horta apreenderam, esta semana, 1,4 quilogramas de produto suspeito de ser coca\u00edna, na orla mar\u00edtima da ilha do Corvo, no arquip\u00e9lago dos A\u00e7ores. A Pol\u00edcia Mar\u00edtima<\/p>\n","protected":false},"author":304,"featured_media":0,"comment_status":"open","ping_status":"","sticky":false,"template":"","format":"standard","meta":{"footnotes":""},"categories":[19],"tags":[],"class_list":["post-1208746","post","type-post","status-publish","format-standard","hentry","category-madeira-island-news","infinite-scroll-item","masonry-post","generate-columns","tablet-grid-50","mobile-grid-100","grid-parent","grid-33"],"_links":{"self":[{"href":"https:\/\/madeiraisland.news\/index.php?rest_route=\/wp\/v2\/posts\/1208746","targetHints":{"allow":["GET"]}}],"collection":[{"href":"https:\/\/madeiraisland.news\/index.php?rest_route=\/wp\/v2\/posts"}],"about":[{"href":"https:\/\/madeiraisland.news\/index.php?rest_route=\/wp\/v2\/types\/post"}],"author":[{"embeddable":true,"href":"https:\/\/madeiraisland.news\/index.php?rest_route=\/wp\/v2\/users\/304"}],"replies":[{"embeddable":true,"href":"https:\/\/madeiraisland.news\/index.php?rest_route=%2Fwp%2Fv2%2Fcomments&post=1208746"}],"version-history":[{"count":2,"href":"https:\/\/madeiraisland.news\/index.php?rest_route=\/wp\/v2\/posts\/1208746\/revisions"}],"predecessor-version":[{"id":1208748,"href":"https:\/\/madeiraisland.news\/index.php?rest_route=\/wp\/v2\/posts\/1208746\/revisions\/1208748"}],"wp:attachment":[{"href":"https:\/\/madeiraisland.news\/index.php?rest_route=%2Fwp%2Fv2%2Fmedia&parent=1208746"}],"wp:term":[{"taxonomy":"category","embeddable":true,"href":"https:\/\/madeiraisland.news\/index.php?rest_route=%2Fwp%2Fv2%2Fcategories&post=1208746"},{"taxonomy":"post_tag","embeddable":true,"href":"https:\/\/madeiraisland.news\/index.php?rest_route=%2Fwp%2Fv2%2Ftags&post=1208746"}],"curies":[{"name":"wp","href":"https:\/\/api.w.org\/{rel}","templated":true}]}}