{"id":1208744,"date":"2026-09-05T10:00:10","date_gmt":"2026-09-05T10:00:10","guid":{"rendered":"https:\/\/madeiraisland.news\/?p=1208744"},"modified":"2026-09-05T10:17:25","modified_gmt":"2026-09-05T10:17:25","slug":"mergulhadores-em-formacao-nos-reis-magos","status":"publish","type":"post","link":"https:\/\/madeiraisland.news\/?p=1208744","title":{"rendered":"Mergulhadores em forma\u00e7\u00e3o nos Reis Magos"},"content":{"rendered":"<p>Dez<br \/>\nelementos da equipa de mergulhadores dos Bombeiros Volunt\u00e1rios Madeirenses<br \/>\nparticipam, ao longo da manh\u00e3 deste s\u00e1bado, numa ac\u00e7\u00e3o de forma\u00e7\u00e3o na praia dos<br \/>\nReis Magos, no Cani\u00e7o.<br \/>\nA iniciativa<br \/>\ndecorre no \u00e2mbito da prepara\u00e7\u00e3o e aperfei\u00e7oamento das t\u00e9cnicas de interven\u00e7\u00e3o<br \/>\nda equipa de mergulhadores.<\/p>\n","protected":false},"excerpt":{"rendered":"<p>Dez elementos da equipa de mergulhadores dos Bombeiros Volunt\u00e1rios Madeirenses participam, ao longo da manh\u00e3 deste s\u00e1bado, numa ac\u00e7\u00e3o de &#8230; <\/p>\n<p class=\"read-more-container\"><a title=\"Mergulhadores em forma\u00e7\u00e3o nos Reis Magos\" class=\"read-more button\" href=\"https:\/\/madeiraisland.news\/?p=1208744#more-1208744\" aria-label=\"Read more about Mergulhadores em forma\u00e7\u00e3o nos Reis Magos\">Read more<\/a><\/p>\n","protected":false},"author":11,"featured_media":0,"comment_status":"open","ping_status":"","sticky":false,"template":"","format":"standard","meta":{"footnotes":""},"categories":[19],"tags":[],"class_list":["post-1208744","post","type-post","status-publish","format-standard","hentry","category-madeira-island-news","infinite-scroll-item","masonry-post","generate-columns","tablet-grid-50","mobile-grid-100","grid-parent","grid-33"],"_links":{"self":[{"href":"https:\/\/madeiraisland.news\/index.php?rest_route=\/wp\/v2\/posts\/1208744","targetHints":{"allow":["GET"]}}],"collection":[{"href":"https:\/\/madeiraisland.news\/index.php?rest_route=\/wp\/v2\/posts"}],"about":[{"href":"https:\/\/madeiraisland.news\/index.php?rest_route=\/wp\/v2\/types\/post"}],"author":[{"embeddable":true,"href":"https:\/\/madeiraisland.news\/index.php?rest_route=\/wp\/v2\/users\/11"}],"replies":[{"embeddable":true,"href":"https:\/\/madeiraisland.news\/index.php?rest_route=%2Fwp%2Fv2%2Fcomments&post=1208744"}],"version-history":[{"count":1,"href":"https:\/\/madeiraisland.news\/index.php?rest_route=\/wp\/v2\/posts\/1208744\/revisions"}],"predecessor-version":[{"id":1208745,"href":"https:\/\/madeiraisland.news\/index.php?rest_route=\/wp\/v2\/posts\/1208744\/revisions\/1208745"}],"wp:attachment":[{"href":"https:\/\/madeiraisland.news\/index.php?rest_route=%2Fwp%2Fv2%2Fmedia&parent=1208744"}],"wp:term":[{"taxonomy":"category","embeddable":true,"href":"https:\/\/madeiraisland.news\/index.php?rest_route=%2Fwp%2Fv2%2Fcategories&post=1208744"},{"taxonomy":"post_tag","embeddable":true,"href":"https:\/\/madeiraisland.news\/index.php?rest_route=%2Fwp%2Fv2%2Ftags&post=1208744"}],"curies":[{"name":"wp","href":"https:\/\/api.w.org\/{rel}","templated":true}]}}