{"id":1208742,"date":"2026-09-05T10:15:11","date_gmt":"2026-09-05T10:15:11","guid":{"rendered":"https:\/\/madeiraisland.news\/?p=1208742"},"modified":"2026-09-05T10:17:25","modified_gmt":"2026-09-05T10:17:25","slug":"dois-jovens-intoxicados-pelo-alcool-na-avenida-do-infante","status":"publish","type":"post","link":"https:\/\/madeiraisland.news\/?p=1208742","title":{"rendered":"Dois jovens intoxicados pelo \u00e1lcool na Avenida do Infante"},"content":{"rendered":"<p>Dois jovens,<br \/>\num rapaz e uma rapariga, ambos na casa dos 20 anos, foram socorridos esta<br \/>\nmadrugada na sequ\u00eancia de intoxica\u00e7\u00f5es alco\u00f3licas, na Avenida do Infante, no<br \/>\nFunchal.<br \/>\nOs Bombeiros<br \/>\nSapadores do Funchal foram mobilizados cerca das 04h00 para prestar assist\u00eancia<br \/>\naos dois jovens, que acabaram por ser transportados para o hospital.<\/p>\n","protected":false},"excerpt":{"rendered":"<p>Dois jovens, um rapaz e uma rapariga, ambos na casa dos 20 anos, foram socorridos esta madrugada na sequ\u00eancia de &#8230; <\/p>\n<p class=\"read-more-container\"><a title=\"Dois jovens intoxicados pelo \u00e1lcool na Avenida do Infante\" class=\"read-more button\" href=\"https:\/\/madeiraisland.news\/?p=1208742#more-1208742\" aria-label=\"Read more about Dois jovens intoxicados pelo \u00e1lcool na Avenida do Infante\">Read more<\/a><\/p>\n","protected":false},"author":11,"featured_media":0,"comment_status":"open","ping_status":"","sticky":false,"template":"","format":"standard","meta":{"footnotes":""},"categories":[19],"tags":[],"class_list":["post-1208742","post","type-post","status-publish","format-standard","hentry","category-madeira-island-news","infinite-scroll-item","masonry-post","generate-columns","tablet-grid-50","mobile-grid-100","grid-parent","grid-33"],"_links":{"self":[{"href":"https:\/\/madeiraisland.news\/index.php?rest_route=\/wp\/v2\/posts\/1208742","targetHints":{"allow":["GET"]}}],"collection":[{"href":"https:\/\/madeiraisland.news\/index.php?rest_route=\/wp\/v2\/posts"}],"about":[{"href":"https:\/\/madeiraisland.news\/index.php?rest_route=\/wp\/v2\/types\/post"}],"author":[{"embeddable":true,"href":"https:\/\/madeiraisland.news\/index.php?rest_route=\/wp\/v2\/users\/11"}],"replies":[{"embeddable":true,"href":"https:\/\/madeiraisland.news\/index.php?rest_route=%2Fwp%2Fv2%2Fcomments&post=1208742"}],"version-history":[{"count":1,"href":"https:\/\/madeiraisland.news\/index.php?rest_route=\/wp\/v2\/posts\/1208742\/revisions"}],"predecessor-version":[{"id":1208743,"href":"https:\/\/madeiraisland.news\/index.php?rest_route=\/wp\/v2\/posts\/1208742\/revisions\/1208743"}],"wp:attachment":[{"href":"https:\/\/madeiraisland.news\/index.php?rest_route=%2Fwp%2Fv2%2Fmedia&parent=1208742"}],"wp:term":[{"taxonomy":"category","embeddable":true,"href":"https:\/\/madeiraisland.news\/index.php?rest_route=%2Fwp%2Fv2%2Fcategories&post=1208742"},{"taxonomy":"post_tag","embeddable":true,"href":"https:\/\/madeiraisland.news\/index.php?rest_route=%2Fwp%2Fv2%2Ftags&post=1208742"}],"curies":[{"name":"wp","href":"https:\/\/api.w.org\/{rel}","templated":true}]}}