{"id":1208740,"date":"2026-09-05T09:47:54","date_gmt":"2026-09-05T09:47:54","guid":{"rendered":"https:\/\/madeiraisland.news\/?p=1208740"},"modified":"2026-09-05T10:00:38","modified_gmt":"2026-09-05T10:00:38","slug":"queda-ao-sair-de-autocarro-no-palheiro-ferreiro","status":"publish","type":"post","link":"https:\/\/madeiraisland.news\/?p=1208740","title":{"rendered":"Queda ao sair de autocarro no Palheiro Ferreiro"},"content":{"rendered":"<p>Uma mulher, de 67 anos, ficou ferida na madrugada deste s\u00e1bado, na sequ\u00eancia de uma queda ao sair de um autocarro urbano, na zona do Palheiro Ferreiro.<br \/>\nO acidente ocorreu cerca da 01h00, tendo a mulher sofrido um traumatismo nos joelhos.<br \/>\nPara o local foram mobilizados os Bombeiros Volunt\u00e1rios Madeirenses, com uma ambul\u00e2ncia de socorro e tr\u00eas operacionais.<br \/>\nA v\u00edtima foi transportada para o Servi\u00e7o de Urg\u00eancia do Hospital Central do Funchal.<\/p>\n","protected":false},"excerpt":{"rendered":"<p>Uma mulher, de 67 anos, ficou ferida na madrugada deste s\u00e1bado, na sequ\u00eancia de uma queda ao sair de um &#8230; <\/p>\n<p class=\"read-more-container\"><a title=\"Queda ao sair de autocarro no Palheiro Ferreiro\" class=\"read-more button\" href=\"https:\/\/madeiraisland.news\/?p=1208740#more-1208740\" aria-label=\"Read more about Queda ao sair de autocarro no Palheiro Ferreiro\">Read more<\/a><\/p>\n","protected":false},"author":11,"featured_media":0,"comment_status":"open","ping_status":"","sticky":false,"template":"","format":"standard","meta":{"footnotes":""},"categories":[19],"tags":[],"class_list":["post-1208740","post","type-post","status-publish","format-standard","hentry","category-madeira-island-news","infinite-scroll-item","masonry-post","generate-columns","tablet-grid-50","mobile-grid-100","grid-parent","grid-33"],"_links":{"self":[{"href":"https:\/\/madeiraisland.news\/index.php?rest_route=\/wp\/v2\/posts\/1208740","targetHints":{"allow":["GET"]}}],"collection":[{"href":"https:\/\/madeiraisland.news\/index.php?rest_route=\/wp\/v2\/posts"}],"about":[{"href":"https:\/\/madeiraisland.news\/index.php?rest_route=\/wp\/v2\/types\/post"}],"author":[{"embeddable":true,"href":"https:\/\/madeiraisland.news\/index.php?rest_route=\/wp\/v2\/users\/11"}],"replies":[{"embeddable":true,"href":"https:\/\/madeiraisland.news\/index.php?rest_route=%2Fwp%2Fv2%2Fcomments&post=1208740"}],"version-history":[{"count":1,"href":"https:\/\/madeiraisland.news\/index.php?rest_route=\/wp\/v2\/posts\/1208740\/revisions"}],"predecessor-version":[{"id":1208741,"href":"https:\/\/madeiraisland.news\/index.php?rest_route=\/wp\/v2\/posts\/1208740\/revisions\/1208741"}],"wp:attachment":[{"href":"https:\/\/madeiraisland.news\/index.php?rest_route=%2Fwp%2Fv2%2Fmedia&parent=1208740"}],"wp:term":[{"taxonomy":"category","embeddable":true,"href":"https:\/\/madeiraisland.news\/index.php?rest_route=%2Fwp%2Fv2%2Fcategories&post=1208740"},{"taxonomy":"post_tag","embeddable":true,"href":"https:\/\/madeiraisland.news\/index.php?rest_route=%2Fwp%2Fv2%2Ftags&post=1208740"}],"curies":[{"name":"wp","href":"https:\/\/api.w.org\/{rel}","templated":true}]}}