{"id":1208738,"date":"2026-09-05T09:34:48","date_gmt":"2026-09-05T09:34:48","guid":{"rendered":"https:\/\/madeiraisland.news\/?p=1208738"},"modified":"2026-09-05T09:48:20","modified_gmt":"2026-09-05T09:48:20","slug":"sismo-de-18-sentido-a-nordeste-de-machico","status":"publish","type":"post","link":"https:\/\/madeiraisland.news\/?p=1208738","title":{"rendered":"Sismo de 1,8 sentido a nordeste de Machico"},"content":{"rendered":"<p>Um sismo de<br \/>\nmagnitude 1,8 foi registado \u00e0s 02h24m25s deste s\u00e1bado, a nordeste de Machico,<br \/>\nmuito pr\u00f3ximo da costa, na zona do Mar da Travessa, junto \u00e0 Ponta de S\u00e3o<br \/>\nLouren\u00e7o.<br \/>\nO evento<br \/>\ns\u00edsmico teve uma profundidade de 64 quil\u00f3metros.<\/p>\n","protected":false},"excerpt":{"rendered":"<p>Um sismo de magnitude 1,8 foi registado \u00e0s 02h24m25s deste s\u00e1bado, a nordeste de Machico, muito pr\u00f3ximo da costa, na &#8230; <\/p>\n<p class=\"read-more-container\"><a title=\"Sismo de 1,8 sentido a nordeste de Machico\" class=\"read-more button\" href=\"https:\/\/madeiraisland.news\/?p=1208738#more-1208738\" aria-label=\"Read more about Sismo de 1,8 sentido a nordeste de Machico\">Read more<\/a><\/p>\n","protected":false},"author":11,"featured_media":0,"comment_status":"open","ping_status":"","sticky":false,"template":"","format":"standard","meta":{"footnotes":""},"categories":[19],"tags":[],"class_list":["post-1208738","post","type-post","status-publish","format-standard","hentry","category-madeira-island-news","infinite-scroll-item","masonry-post","generate-columns","tablet-grid-50","mobile-grid-100","grid-parent","grid-33"],"_links":{"self":[{"href":"https:\/\/madeiraisland.news\/index.php?rest_route=\/wp\/v2\/posts\/1208738","targetHints":{"allow":["GET"]}}],"collection":[{"href":"https:\/\/madeiraisland.news\/index.php?rest_route=\/wp\/v2\/posts"}],"about":[{"href":"https:\/\/madeiraisland.news\/index.php?rest_route=\/wp\/v2\/types\/post"}],"author":[{"embeddable":true,"href":"https:\/\/madeiraisland.news\/index.php?rest_route=\/wp\/v2\/users\/11"}],"replies":[{"embeddable":true,"href":"https:\/\/madeiraisland.news\/index.php?rest_route=%2Fwp%2Fv2%2Fcomments&post=1208738"}],"version-history":[{"count":1,"href":"https:\/\/madeiraisland.news\/index.php?rest_route=\/wp\/v2\/posts\/1208738\/revisions"}],"predecessor-version":[{"id":1208739,"href":"https:\/\/madeiraisland.news\/index.php?rest_route=\/wp\/v2\/posts\/1208738\/revisions\/1208739"}],"wp:attachment":[{"href":"https:\/\/madeiraisland.news\/index.php?rest_route=%2Fwp%2Fv2%2Fmedia&parent=1208738"}],"wp:term":[{"taxonomy":"category","embeddable":true,"href":"https:\/\/madeiraisland.news\/index.php?rest_route=%2Fwp%2Fv2%2Fcategories&post=1208738"},{"taxonomy":"post_tag","embeddable":true,"href":"https:\/\/madeiraisland.news\/index.php?rest_route=%2Fwp%2Fv2%2Ftags&post=1208738"}],"curies":[{"name":"wp","href":"https:\/\/api.w.org\/{rel}","templated":true}]}}