{"id":1208734,"date":"2026-09-05T08:58:38","date_gmt":"2026-09-05T08:58:38","guid":{"rendered":"https:\/\/madeiraisland.news\/?p=1208734"},"modified":"2026-09-05T09:05:43","modified_gmt":"2026-09-05T09:05:43","slug":"incendio-no-lugar-da-serra-mobiliza-cinco-corporacoes-e-helicoptero","status":"publish","type":"post","link":"https:\/\/madeiraisland.news\/?p=1208734","title":{"rendered":"Inc\u00eandio no Lugar da Serra mobiliza cinco corpora\u00e7\u00f5es e helic\u00f3ptero"},"content":{"rendered":"<p>Um inc\u00eandio florestal deflagrou esta manh\u00e3 no Lugar da<br \/>\nSerra, na freguesia do Campan\u00e1rio, junto \u00e0 estrada de acesso \u00e0 zona do<br \/>\nBoqueir\u00e3o.<br \/>\nSegundo fonte dos bombeiros, est\u00e3o no local tr\u00eas meios<br \/>\nterrestres dos Bombeiros Mistos da Ribeira Brava e Ponta do Sol, al\u00e9m do meio<br \/>\na\u00e9reo do Servi\u00e7o Regional de Protec\u00e7\u00e3o Civil (SRPC).<br \/>\nForam tamb\u00e9m mobilizados meios de corpora\u00e7\u00f5es do<br \/>\nFunchal, C\u00e2mara de Lobos e Calheta, numa opera\u00e7\u00e3o de combate em triangula\u00e7\u00e3o.<br \/>\nUma testemunha que se encontra no local revelou ao<\/p>\n","protected":false},"excerpt":{"rendered":"<p>Um inc\u00eandio florestal deflagrou esta manh\u00e3 no Lugar da Serra, na freguesia do Campan\u00e1rio, junto \u00e0 estrada de acesso \u00e0 &#8230; <\/p>\n<p class=\"read-more-container\"><a title=\"Inc\u00eandio no Lugar da Serra mobiliza cinco corpora\u00e7\u00f5es e helic\u00f3ptero\" class=\"read-more button\" href=\"https:\/\/madeiraisland.news\/?p=1208734#more-1208734\" aria-label=\"Read more about Inc\u00eandio no Lugar da Serra mobiliza cinco corpora\u00e7\u00f5es e helic\u00f3ptero\">Read more<\/a><\/p>\n","protected":false},"author":11,"featured_media":0,"comment_status":"open","ping_status":"","sticky":false,"template":"","format":"standard","meta":{"footnotes":""},"categories":[19],"tags":[],"class_list":["post-1208734","post","type-post","status-publish","format-standard","hentry","category-madeira-island-news","infinite-scroll-item","masonry-post","generate-columns","tablet-grid-50","mobile-grid-100","grid-parent","grid-33"],"_links":{"self":[{"href":"https:\/\/madeiraisland.news\/index.php?rest_route=\/wp\/v2\/posts\/1208734","targetHints":{"allow":["GET"]}}],"collection":[{"href":"https:\/\/madeiraisland.news\/index.php?rest_route=\/wp\/v2\/posts"}],"about":[{"href":"https:\/\/madeiraisland.news\/index.php?rest_route=\/wp\/v2\/types\/post"}],"author":[{"embeddable":true,"href":"https:\/\/madeiraisland.news\/index.php?rest_route=\/wp\/v2\/users\/11"}],"replies":[{"embeddable":true,"href":"https:\/\/madeiraisland.news\/index.php?rest_route=%2Fwp%2Fv2%2Fcomments&post=1208734"}],"version-history":[{"count":1,"href":"https:\/\/madeiraisland.news\/index.php?rest_route=\/wp\/v2\/posts\/1208734\/revisions"}],"predecessor-version":[{"id":1208735,"href":"https:\/\/madeiraisland.news\/index.php?rest_route=\/wp\/v2\/posts\/1208734\/revisions\/1208735"}],"wp:attachment":[{"href":"https:\/\/madeiraisland.news\/index.php?rest_route=%2Fwp%2Fv2%2Fmedia&parent=1208734"}],"wp:term":[{"taxonomy":"category","embeddable":true,"href":"https:\/\/madeiraisland.news\/index.php?rest_route=%2Fwp%2Fv2%2Fcategories&post=1208734"},{"taxonomy":"post_tag","embeddable":true,"href":"https:\/\/madeiraisland.news\/index.php?rest_route=%2Fwp%2Fv2%2Ftags&post=1208734"}],"curies":[{"name":"wp","href":"https:\/\/api.w.org\/{rel}","templated":true}]}}