{"id":1208731,"date":"2026-09-05T08:29:30","date_gmt":"2026-09-05T08:29:30","guid":{"rendered":"https:\/\/madeiraisland.news\/?p=1208731"},"modified":"2026-09-05T08:50:36","modified_gmt":"2026-09-05T08:50:36","slug":"plastico-e-papel-pedem-previsibilidade-nas-novas-regras-europeias-para-embalagens","status":"publish","type":"post","link":"https:\/\/madeiraisland.news\/?p=1208731","title":{"rendered":"Pl\u00e1stico e papel pedem previsibilidade nas novas regras europeias para embalagens"},"content":{"rendered":"<p>Os fabricantes nacionais de pl\u00e1stico e papel aplaudem os princ\u00edpios de sustentabilidade ambiental na base do novo regulamento europeu das embalagens, mas alertam que entrou em vigor de forma &#8220;precipitada e confusa&#8221; e representa uma &#8220;mudan\u00e7a estrutural&#8221; no setor.<br \/>\n&#8220;O PPWR [do ingl\u00eas &#8216;Packaging and Packaging Waste Regulation&#8217; ou Regulamento Europeu relativo \u00e0s Embalagens e Res\u00edduos de Embalagens] entra em aplica\u00e7\u00e3o de uma forma precipitada e confusa, que muito deixa a desejar em termos da defini\u00e7\u00e3o<\/p>\n","protected":false},"excerpt":{"rendered":"<p>Os fabricantes nacionais de pl\u00e1stico e papel aplaudem os princ\u00edpios de sustentabilidade ambiental na base do novo regulamento europeu das embalagens, mas alertam que entrou em vigor de forma &#8220;precipitada e confusa&#8221; e representa uma<\/p>\n","protected":false},"author":5,"featured_media":0,"comment_status":"open","ping_status":"","sticky":false,"template":"","format":"standard","meta":{"footnotes":""},"categories":[19],"tags":[],"class_list":["post-1208731","post","type-post","status-publish","format-standard","hentry","category-madeira-island-news","infinite-scroll-item","masonry-post","generate-columns","tablet-grid-50","mobile-grid-100","grid-parent","grid-33"],"_links":{"self":[{"href":"https:\/\/madeiraisland.news\/index.php?rest_route=\/wp\/v2\/posts\/1208731","targetHints":{"allow":["GET"]}}],"collection":[{"href":"https:\/\/madeiraisland.news\/index.php?rest_route=\/wp\/v2\/posts"}],"about":[{"href":"https:\/\/madeiraisland.news\/index.php?rest_route=\/wp\/v2\/types\/post"}],"author":[{"embeddable":true,"href":"https:\/\/madeiraisland.news\/index.php?rest_route=\/wp\/v2\/users\/5"}],"replies":[{"embeddable":true,"href":"https:\/\/madeiraisland.news\/index.php?rest_route=%2Fwp%2Fv2%2Fcomments&post=1208731"}],"version-history":[{"count":2,"href":"https:\/\/madeiraisland.news\/index.php?rest_route=\/wp\/v2\/posts\/1208731\/revisions"}],"predecessor-version":[{"id":1208733,"href":"https:\/\/madeiraisland.news\/index.php?rest_route=\/wp\/v2\/posts\/1208731\/revisions\/1208733"}],"wp:attachment":[{"href":"https:\/\/madeiraisland.news\/index.php?rest_route=%2Fwp%2Fv2%2Fmedia&parent=1208731"}],"wp:term":[{"taxonomy":"category","embeddable":true,"href":"https:\/\/madeiraisland.news\/index.php?rest_route=%2Fwp%2Fv2%2Fcategories&post=1208731"},{"taxonomy":"post_tag","embeddable":true,"href":"https:\/\/madeiraisland.news\/index.php?rest_route=%2Fwp%2Fv2%2Ftags&post=1208731"}],"curies":[{"name":"wp","href":"https:\/\/api.w.org\/{rel}","templated":true}]}}