{"id":1208725,"date":"2026-09-05T04:06:00","date_gmt":"2026-09-05T04:06:00","guid":{"rendered":"https:\/\/madeiraisland.news\/?p=1208725"},"modified":"2026-09-05T04:15:19","modified_gmt":"2026-09-05T04:15:19","slug":"cabo-submarino-entre-portugal-e-marrocos-so-com-financiamento-privado-ou-da-ue","status":"publish","type":"post","link":"https:\/\/madeiraisland.news\/?p=1208725","title":{"rendered":"Cabo submarino entre Portugal e Marrocos s\u00f3 com financiamento privado ou da UE"},"content":{"rendered":"<p>A constru\u00e7\u00e3o de um cabo el\u00e9trico submarino entre Portugal e Marrocos \u00e9 uma possibilidade, mas s\u00f3 avan\u00e7ar\u00e1 com financiamento de privados ou da Uni\u00e3o Europeia, garantiu hoje a ministra do Ambiente.<br \/>\n&#8220;O que ficou combinado entre mim e a ministra [da Energia de Marrocos] \u00e9 que avan\u00e7ar\u00edamos se houvesse interesse de privados ou a ajuda da Uni\u00e3o Europeia&#8221;, afirmou a governante aos jornalistas em Castro Verde, antes da inaugura\u00e7\u00e3o de um festival nesta localidade do distrito de Beja.<br \/>\nSegundo adiantou hoje<\/p>\n","protected":false},"excerpt":{"rendered":"<p>A constru\u00e7\u00e3o de um cabo el\u00e9trico submarino entre Portugal e Marrocos \u00e9 uma possibilidade, mas s\u00f3 avan\u00e7ar\u00e1 com financiamento de privados ou da Uni\u00e3o Europeia, garantiu hoje a ministra do Ambiente. &#8220;O que ficou combinado<\/p>\n","protected":false},"author":5,"featured_media":0,"comment_status":"open","ping_status":"","sticky":false,"template":"","format":"standard","meta":{"footnotes":""},"categories":[19],"tags":[],"class_list":["post-1208725","post","type-post","status-publish","format-standard","hentry","category-madeira-island-news","infinite-scroll-item","masonry-post","generate-columns","tablet-grid-50","mobile-grid-100","grid-parent","grid-33"],"_links":{"self":[{"href":"https:\/\/madeiraisland.news\/index.php?rest_route=\/wp\/v2\/posts\/1208725","targetHints":{"allow":["GET"]}}],"collection":[{"href":"https:\/\/madeiraisland.news\/index.php?rest_route=\/wp\/v2\/posts"}],"about":[{"href":"https:\/\/madeiraisland.news\/index.php?rest_route=\/wp\/v2\/types\/post"}],"author":[{"embeddable":true,"href":"https:\/\/madeiraisland.news\/index.php?rest_route=\/wp\/v2\/users\/5"}],"replies":[{"embeddable":true,"href":"https:\/\/madeiraisland.news\/index.php?rest_route=%2Fwp%2Fv2%2Fcomments&post=1208725"}],"version-history":[{"count":2,"href":"https:\/\/madeiraisland.news\/index.php?rest_route=\/wp\/v2\/posts\/1208725\/revisions"}],"predecessor-version":[{"id":1208727,"href":"https:\/\/madeiraisland.news\/index.php?rest_route=\/wp\/v2\/posts\/1208725\/revisions\/1208727"}],"wp:attachment":[{"href":"https:\/\/madeiraisland.news\/index.php?rest_route=%2Fwp%2Fv2%2Fmedia&parent=1208725"}],"wp:term":[{"taxonomy":"category","embeddable":true,"href":"https:\/\/madeiraisland.news\/index.php?rest_route=%2Fwp%2Fv2%2Fcategories&post=1208725"},{"taxonomy":"post_tag","embeddable":true,"href":"https:\/\/madeiraisland.news\/index.php?rest_route=%2Fwp%2Fv2%2Ftags&post=1208725"}],"curies":[{"name":"wp","href":"https:\/\/api.w.org\/{rel}","templated":true}]}}