{"id":1208722,"date":"2026-09-05T03:09:00","date_gmt":"2026-09-05T03:09:00","guid":{"rendered":"https:\/\/madeiraisland.news\/?p=1208722"},"modified":"2026-09-05T03:30:31","modified_gmt":"2026-09-05T03:30:31","slug":"melhoria-de-rating-da-fitch-coloca-portugal-ao-nivel-de-franca-e-belgica","status":"publish","type":"post","link":"https:\/\/madeiraisland.news\/?p=1208722","title":{"rendered":"Melhoria de &#8216;rating&#8217; da Fitch coloca Portugal ao n\u00edvel de Fran\u00e7a e B\u00e9lgica"},"content":{"rendered":"<p>A melhoria do &#8216;rating&#8217; de Portugal pela ag\u00eancia Fitch, para &#8216;A+&#8217;, coloca o pa\u00eds ao n\u00edvel de Fran\u00e7a e B\u00e9lgica, demonstrando ainda a &#8220;confian\u00e7a dos investidores internacionais&#8221;, disse o Minist\u00e9rio das Finan\u00e7as.<br \/>\nA Fitch subiu hoje o &#8216;rating&#8217; de Portugal de &#8216;A&#8217; para &#8216;A+&#8217;, com &#8216;outlook&#8217; (perspetiva) est\u00e1vel, adiantou a ag\u00eancia, numa nota divulgada no seu &#8216;site&#8217;<br \/>\nNuma rea\u00e7\u00e3o, o Minist\u00e9rio das Finan\u00e7as garantiu que &#8220;esta revis\u00e3o, que \u00e9 a segunda subida de &#8216;rating&#8217; da Rep\u00fablica promovida pela Fitch, desd<\/p>\n","protected":false},"excerpt":{"rendered":"<p>A melhoria do &#8216;rating&#8217; de Portugal pela ag\u00eancia Fitch, para &#8216;A+&#8217;, coloca o pa\u00eds ao n\u00edvel de Fran\u00e7a e B\u00e9lgica, demonstrando ainda a &#8220;confian\u00e7a dos investidores internacionais&#8221;, disse o Minist\u00e9rio das Finan\u00e7as. A Fitch subiu<\/p>\n","protected":false},"author":5,"featured_media":0,"comment_status":"open","ping_status":"","sticky":false,"template":"","format":"standard","meta":{"footnotes":""},"categories":[19],"tags":[],"class_list":["post-1208722","post","type-post","status-publish","format-standard","hentry","category-madeira-island-news","infinite-scroll-item","masonry-post","generate-columns","tablet-grid-50","mobile-grid-100","grid-parent","grid-33"],"_links":{"self":[{"href":"https:\/\/madeiraisland.news\/index.php?rest_route=\/wp\/v2\/posts\/1208722","targetHints":{"allow":["GET"]}}],"collection":[{"href":"https:\/\/madeiraisland.news\/index.php?rest_route=\/wp\/v2\/posts"}],"about":[{"href":"https:\/\/madeiraisland.news\/index.php?rest_route=\/wp\/v2\/types\/post"}],"author":[{"embeddable":true,"href":"https:\/\/madeiraisland.news\/index.php?rest_route=\/wp\/v2\/users\/5"}],"replies":[{"embeddable":true,"href":"https:\/\/madeiraisland.news\/index.php?rest_route=%2Fwp%2Fv2%2Fcomments&post=1208722"}],"version-history":[{"count":2,"href":"https:\/\/madeiraisland.news\/index.php?rest_route=\/wp\/v2\/posts\/1208722\/revisions"}],"predecessor-version":[{"id":1208724,"href":"https:\/\/madeiraisland.news\/index.php?rest_route=\/wp\/v2\/posts\/1208722\/revisions\/1208724"}],"wp:attachment":[{"href":"https:\/\/madeiraisland.news\/index.php?rest_route=%2Fwp%2Fv2%2Fmedia&parent=1208722"}],"wp:term":[{"taxonomy":"category","embeddable":true,"href":"https:\/\/madeiraisland.news\/index.php?rest_route=%2Fwp%2Fv2%2Fcategories&post=1208722"},{"taxonomy":"post_tag","embeddable":true,"href":"https:\/\/madeiraisland.news\/index.php?rest_route=%2Fwp%2Fv2%2Ftags&post=1208722"}],"curies":[{"name":"wp","href":"https:\/\/api.w.org\/{rel}","templated":true}]}}