{"id":1208720,"date":"2026-09-05T01:56:11","date_gmt":"2026-09-05T01:56:11","guid":{"rendered":"https:\/\/madeiraisland.news\/?p=1208720"},"modified":"2026-09-05T02:01:20","modified_gmt":"2026-09-05T02:01:20","slug":"1-a-alteracao-ao-calendario-escolar-do-ano-letivo-2026-2027","status":"publish","type":"post","link":"https:\/\/madeiraisland.news\/?p=1208720","title":{"rendered":"1.\u00aa altera\u00e7\u00e3o ao Calend\u00e1rio Escolar do ano letivo 2026\/2027"},"content":{"rendered":"<p>AF! Despacho n.\u00ba 355\/2026 \u2013 Procede \u00e0 1.\u00aa altera\u00e7\u00e3o do Despacho n.\u00ba 198\/2026, de 5 de maio<\/p>\n","protected":false},"excerpt":{"rendered":"<p>AF! Despacho n.\u00ba 355\/2026 \u2013 Procede \u00e0 1.\u00aa altera\u00e7\u00e3o do Despacho n.\u00ba 198\/2026, de 5 de maio<\/p>\n","protected":false},"author":260,"featured_media":0,"comment_status":"open","ping_status":"","sticky":false,"template":"","format":"standard","meta":{"footnotes":""},"categories":[19],"tags":[],"class_list":["post-1208720","post","type-post","status-publish","format-standard","hentry","category-madeira-island-news","infinite-scroll-item","masonry-post","generate-columns","tablet-grid-50","mobile-grid-100","grid-parent","grid-33"],"_links":{"self":[{"href":"https:\/\/madeiraisland.news\/index.php?rest_route=\/wp\/v2\/posts\/1208720","targetHints":{"allow":["GET"]}}],"collection":[{"href":"https:\/\/madeiraisland.news\/index.php?rest_route=\/wp\/v2\/posts"}],"about":[{"href":"https:\/\/madeiraisland.news\/index.php?rest_route=\/wp\/v2\/types\/post"}],"author":[{"embeddable":true,"href":"https:\/\/madeiraisland.news\/index.php?rest_route=\/wp\/v2\/users\/260"}],"replies":[{"embeddable":true,"href":"https:\/\/madeiraisland.news\/index.php?rest_route=%2Fwp%2Fv2%2Fcomments&post=1208720"}],"version-history":[{"count":1,"href":"https:\/\/madeiraisland.news\/index.php?rest_route=\/wp\/v2\/posts\/1208720\/revisions"}],"predecessor-version":[{"id":1208721,"href":"https:\/\/madeiraisland.news\/index.php?rest_route=\/wp\/v2\/posts\/1208720\/revisions\/1208721"}],"wp:attachment":[{"href":"https:\/\/madeiraisland.news\/index.php?rest_route=%2Fwp%2Fv2%2Fmedia&parent=1208720"}],"wp:term":[{"taxonomy":"category","embeddable":true,"href":"https:\/\/madeiraisland.news\/index.php?rest_route=%2Fwp%2Fv2%2Fcategories&post=1208720"},{"taxonomy":"post_tag","embeddable":true,"href":"https:\/\/madeiraisland.news\/index.php?rest_route=%2Fwp%2Fv2%2Ftags&post=1208720"}],"curies":[{"name":"wp","href":"https:\/\/api.w.org\/{rel}","templated":true}]}}