{"id":1208717,"date":"2026-09-05T01:05:00","date_gmt":"2026-09-05T01:05:00","guid":{"rendered":"https:\/\/madeiraisland.news\/?p=1208717"},"modified":"2026-09-05T01:18:54","modified_gmt":"2026-09-05T01:18:54","slug":"fitch-sobe-rating-de-portugal-para-a-com-perspectiva-estavel","status":"publish","type":"post","link":"https:\/\/madeiraisland.news\/?p=1208717","title":{"rendered":"Fitch sobe &#8216;rating&#8217; de Portugal para &#8216;A+&#8217; com perspectiva est\u00e1vel"},"content":{"rendered":"<p>A Fitch subiu hoje o &#8216;rating&#8217; de Portugal de &#8216;A&#8217; para &#8216;A+&#8217;, com &#8216;outlook&#8217; (perspetiva) est\u00e1vel, adiantou a ag\u00eancia, numa nota divulgada no seu &#8216;site&#8217;.<br \/>\n&#8220;A Fitch Ratings reviu em alta os &#8216;ratings&#8217; de incumprimento de longo prazo (IDR) de Portugal, de &#8216;A&#8217;\u00a0para &#8216;A+&#8217;. A perspetiva mant\u00e9m-se est\u00e1vel&#8221;, adiantou.\u00a0<br \/>\n&#8220;A subida reflete o refor\u00e7o das finan\u00e7as p\u00fablicas de Portugal, incluindo uma trajet\u00f3ria projetada de redu\u00e7\u00e3o da d\u00edvida p\u00fablica e saldos or\u00e7amentais consideravelmente mais fortes do que os dos <\/p>\n","protected":false},"excerpt":{"rendered":"<p>A Fitch subiu hoje o &#8216;rating&#8217; de Portugal de &#8216;A&#8217; para &#8216;A+&#8217;, com &#8216;outlook&#8217; (perspetiva) est\u00e1vel, adiantou a ag\u00eancia, numa nota divulgada no seu &#8216;site&#8217;. &#8220;A Fitch Ratings reviu em alta os &#8216;ratings&#8217; de incumprimento<\/p>\n","protected":false},"author":5,"featured_media":0,"comment_status":"open","ping_status":"","sticky":false,"template":"","format":"standard","meta":{"footnotes":""},"categories":[19],"tags":[],"class_list":["post-1208717","post","type-post","status-publish","format-standard","hentry","category-madeira-island-news","infinite-scroll-item","masonry-post","generate-columns","tablet-grid-50","mobile-grid-100","grid-parent","grid-33"],"_links":{"self":[{"href":"https:\/\/madeiraisland.news\/index.php?rest_route=\/wp\/v2\/posts\/1208717","targetHints":{"allow":["GET"]}}],"collection":[{"href":"https:\/\/madeiraisland.news\/index.php?rest_route=\/wp\/v2\/posts"}],"about":[{"href":"https:\/\/madeiraisland.news\/index.php?rest_route=\/wp\/v2\/types\/post"}],"author":[{"embeddable":true,"href":"https:\/\/madeiraisland.news\/index.php?rest_route=\/wp\/v2\/users\/5"}],"replies":[{"embeddable":true,"href":"https:\/\/madeiraisland.news\/index.php?rest_route=%2Fwp%2Fv2%2Fcomments&post=1208717"}],"version-history":[{"count":2,"href":"https:\/\/madeiraisland.news\/index.php?rest_route=\/wp\/v2\/posts\/1208717\/revisions"}],"predecessor-version":[{"id":1208719,"href":"https:\/\/madeiraisland.news\/index.php?rest_route=\/wp\/v2\/posts\/1208717\/revisions\/1208719"}],"wp:attachment":[{"href":"https:\/\/madeiraisland.news\/index.php?rest_route=%2Fwp%2Fv2%2Fmedia&parent=1208717"}],"wp:term":[{"taxonomy":"category","embeddable":true,"href":"https:\/\/madeiraisland.news\/index.php?rest_route=%2Fwp%2Fv2%2Fcategories&post=1208717"},{"taxonomy":"post_tag","embeddable":true,"href":"https:\/\/madeiraisland.news\/index.php?rest_route=%2Fwp%2Fv2%2Ftags&post=1208717"}],"curies":[{"name":"wp","href":"https:\/\/api.w.org\/{rel}","templated":true}]}}