{"id":1208715,"date":"2026-09-05T00:49:55","date_gmt":"2026-09-05T00:49:55","guid":{"rendered":"https:\/\/madeiraisland.news\/?p=1208715"},"modified":"2026-09-05T01:01:48","modified_gmt":"2026-09-05T01:01:48","slug":"ataque-a-acampamento-de-queiroz-em-mocambique-deixa-um-morto-e-2-000-deslocados","status":"publish","type":"post","link":"https:\/\/madeiraisland.news\/?p=1208715","title":{"rendered":"Ataque a acampamento de Queiroz em Mo\u00e7ambique deixa um morto e 2 000 deslocados"},"content":{"rendered":"<p>AF! Um ataque insurgente a um acampamento tur\u00edstico associado ao treinador de futebol Carlos Queiroz, na prov\u00edncia do Niassa, no norte de Mo\u00e7ambique, provocou pelo menos um morto e obrigou cerca de duas mil pessoas a abandonar as suas casas, segundo as autoridades locais citadas pela imprensa portuguesa. A incurs\u00e3o armada, atribu\u00edda a suspeitos insurgentes, [\u2026]<\/p>\n","protected":false},"excerpt":{"rendered":"<p>AF! Um ataque insurgente a um acampamento tur\u00edstico associado ao treinador de futebol Carlos Queiroz, na prov\u00edncia do Niassa, no &#8230; <\/p>\n<p class=\"read-more-container\"><a title=\"Ataque a acampamento de Queiroz em Mo\u00e7ambique deixa um morto e 2 000 deslocados\" class=\"read-more button\" href=\"https:\/\/madeiraisland.news\/?p=1208715#more-1208715\" aria-label=\"Read more about Ataque a acampamento de Queiroz em Mo\u00e7ambique deixa um morto e 2 000 deslocados\">Read more<\/a><\/p>\n","protected":false},"author":261,"featured_media":0,"comment_status":"open","ping_status":"","sticky":false,"template":"","format":"standard","meta":{"footnotes":""},"categories":[19],"tags":[],"class_list":["post-1208715","post","type-post","status-publish","format-standard","hentry","category-madeira-island-news","infinite-scroll-item","masonry-post","generate-columns","tablet-grid-50","mobile-grid-100","grid-parent","grid-33"],"_links":{"self":[{"href":"https:\/\/madeiraisland.news\/index.php?rest_route=\/wp\/v2\/posts\/1208715","targetHints":{"allow":["GET"]}}],"collection":[{"href":"https:\/\/madeiraisland.news\/index.php?rest_route=\/wp\/v2\/posts"}],"about":[{"href":"https:\/\/madeiraisland.news\/index.php?rest_route=\/wp\/v2\/types\/post"}],"author":[{"embeddable":true,"href":"https:\/\/madeiraisland.news\/index.php?rest_route=\/wp\/v2\/users\/261"}],"replies":[{"embeddable":true,"href":"https:\/\/madeiraisland.news\/index.php?rest_route=%2Fwp%2Fv2%2Fcomments&post=1208715"}],"version-history":[{"count":1,"href":"https:\/\/madeiraisland.news\/index.php?rest_route=\/wp\/v2\/posts\/1208715\/revisions"}],"predecessor-version":[{"id":1208716,"href":"https:\/\/madeiraisland.news\/index.php?rest_route=\/wp\/v2\/posts\/1208715\/revisions\/1208716"}],"wp:attachment":[{"href":"https:\/\/madeiraisland.news\/index.php?rest_route=%2Fwp%2Fv2%2Fmedia&parent=1208715"}],"wp:term":[{"taxonomy":"category","embeddable":true,"href":"https:\/\/madeiraisland.news\/index.php?rest_route=%2Fwp%2Fv2%2Fcategories&post=1208715"},{"taxonomy":"post_tag","embeddable":true,"href":"https:\/\/madeiraisland.news\/index.php?rest_route=%2Fwp%2Fv2%2Ftags&post=1208715"}],"curies":[{"name":"wp","href":"https:\/\/api.w.org\/{rel}","templated":true}]}}