{"id":1208704,"date":"2026-09-04T19:01:55","date_gmt":"2026-09-04T19:01:55","guid":{"rendered":"https:\/\/madeiraisland.news\/?p=1208704"},"modified":"2026-09-04T19:18:49","modified_gmt":"2026-09-04T19:18:49","slug":"montenegro-indica-que-desconto-nos-combustiveis-ja-ronda-700-me","status":"publish","type":"post","link":"https:\/\/madeiraisland.news\/?p=1208704","title":{"rendered":"Montenegro indica que desconto nos combust\u00edveis j\u00e1 ronda 700 ME"},"content":{"rendered":"<p>O primeiro-ministro indicou hoje que o desconto no imposto sobre os combust\u00edveis j\u00e1 soma &#8220;cerca de 700 milh\u00f5es de euros&#8221; em 2026 e admitiu novas medidas se os pre\u00e7os se mantiverem ao n\u00edvel das \u00faltimas quatro semanas.<br \/>\n&#8220;O pa\u00eds est\u00e1 a fazer um esfor\u00e7o muito significativo, que \u00e9 preciso ir acompanhando, e, se houver uma oscila\u00e7\u00e3o constante, como houve ao longo das \u00faltimas quatro semanas, se se mantiver, evidentemente o Governo est\u00e1 dispon\u00edvel para ir tratando dessa evolu\u00e7\u00e3o com a ado\u00e7\u00e3o das medidas <\/p>\n","protected":false},"excerpt":{"rendered":"<p>O primeiro-ministro indicou hoje que o desconto no imposto sobre os combust\u00edveis j\u00e1 soma &#8220;cerca de 700 milh\u00f5es de euros&#8221; em 2026 e admitiu novas medidas se os pre\u00e7os se mantiverem ao n\u00edvel das \u00faltimas<\/p>\n","protected":false},"author":8,"featured_media":0,"comment_status":"open","ping_status":"","sticky":false,"template":"","format":"standard","meta":{"footnotes":""},"categories":[19],"tags":[],"class_list":["post-1208704","post","type-post","status-publish","format-standard","hentry","category-madeira-island-news","infinite-scroll-item","masonry-post","generate-columns","tablet-grid-50","mobile-grid-100","grid-parent","grid-33"],"_links":{"self":[{"href":"https:\/\/madeiraisland.news\/index.php?rest_route=\/wp\/v2\/posts\/1208704","targetHints":{"allow":["GET"]}}],"collection":[{"href":"https:\/\/madeiraisland.news\/index.php?rest_route=\/wp\/v2\/posts"}],"about":[{"href":"https:\/\/madeiraisland.news\/index.php?rest_route=\/wp\/v2\/types\/post"}],"author":[{"embeddable":true,"href":"https:\/\/madeiraisland.news\/index.php?rest_route=\/wp\/v2\/users\/8"}],"replies":[{"embeddable":true,"href":"https:\/\/madeiraisland.news\/index.php?rest_route=%2Fwp%2Fv2%2Fcomments&post=1208704"}],"version-history":[{"count":2,"href":"https:\/\/madeiraisland.news\/index.php?rest_route=\/wp\/v2\/posts\/1208704\/revisions"}],"predecessor-version":[{"id":1208706,"href":"https:\/\/madeiraisland.news\/index.php?rest_route=\/wp\/v2\/posts\/1208704\/revisions\/1208706"}],"wp:attachment":[{"href":"https:\/\/madeiraisland.news\/index.php?rest_route=%2Fwp%2Fv2%2Fmedia&parent=1208704"}],"wp:term":[{"taxonomy":"category","embeddable":true,"href":"https:\/\/madeiraisland.news\/index.php?rest_route=%2Fwp%2Fv2%2Fcategories&post=1208704"},{"taxonomy":"post_tag","embeddable":true,"href":"https:\/\/madeiraisland.news\/index.php?rest_route=%2Fwp%2Fv2%2Ftags&post=1208704"}],"curies":[{"name":"wp","href":"https:\/\/api.w.org\/{rel}","templated":true}]}}