{"id":1208693,"date":"2026-09-04T16:46:27","date_gmt":"2026-09-04T16:46:27","guid":{"rendered":"https:\/\/madeiraisland.news\/?p=1208693"},"modified":"2026-09-04T17:00:29","modified_gmt":"2026-09-04T17:00:29","slug":"francisco-cesar-defende-uma-autonomia-mais-ambiciosa","status":"publish","type":"post","link":"https:\/\/madeiraisland.news\/?p=1208693","title":{"rendered":"Francisco C\u00e9sar defende uma autonomia mais ambiciosa"},"content":{"rendered":"<p>O l\u00edder do PS\/A\u00e7ores, Francisco C\u00e9sar, defendeu hoje que as comemora\u00e7\u00f5es dos 50 anos da consagra\u00e7\u00e3o da autonomia regional devem servir n\u00e3o apenas para recordar o caminho percorrido, mas tamb\u00e9m para demonstrar que os A\u00e7ores podem &#8220;ambicionar muito mais&#8221;.<br \/>\nFrancisco C\u00e9sar falava na Horta, na ilha do Faial, no \u00e2mbito da sess\u00e3o solene comemorativa dos 50 anos da Autonomia, cuja cerim\u00f3nia que contou com a presen\u00e7a do presidente da Assembleia da Rep\u00fablica, Jos\u00e9 Pedro Aguiar-Branco.<br \/>\n&#8220;A autonomia n\u00e3o \u00e9 a<\/p>\n","protected":false},"excerpt":{"rendered":"<p>O l\u00edder do PS\/A\u00e7ores, Francisco C\u00e9sar, defendeu hoje que as comemora\u00e7\u00f5es dos 50 anos da consagra\u00e7\u00e3o da autonomia regional devem servir n\u00e3o apenas para recordar o caminho percorrido, mas tamb\u00e9m para demonstrar que os A\u00e7ores<\/p>\n","protected":false},"author":320,"featured_media":0,"comment_status":"open","ping_status":"","sticky":false,"template":"","format":"standard","meta":{"footnotes":""},"categories":[19],"tags":[],"class_list":["post-1208693","post","type-post","status-publish","format-standard","hentry","category-madeira-island-news","infinite-scroll-item","masonry-post","generate-columns","tablet-grid-50","mobile-grid-100","grid-parent","grid-33"],"_links":{"self":[{"href":"https:\/\/madeiraisland.news\/index.php?rest_route=\/wp\/v2\/posts\/1208693","targetHints":{"allow":["GET"]}}],"collection":[{"href":"https:\/\/madeiraisland.news\/index.php?rest_route=\/wp\/v2\/posts"}],"about":[{"href":"https:\/\/madeiraisland.news\/index.php?rest_route=\/wp\/v2\/types\/post"}],"author":[{"embeddable":true,"href":"https:\/\/madeiraisland.news\/index.php?rest_route=\/wp\/v2\/users\/320"}],"replies":[{"embeddable":true,"href":"https:\/\/madeiraisland.news\/index.php?rest_route=%2Fwp%2Fv2%2Fcomments&post=1208693"}],"version-history":[{"count":2,"href":"https:\/\/madeiraisland.news\/index.php?rest_route=\/wp\/v2\/posts\/1208693\/revisions"}],"predecessor-version":[{"id":1208695,"href":"https:\/\/madeiraisland.news\/index.php?rest_route=\/wp\/v2\/posts\/1208693\/revisions\/1208695"}],"wp:attachment":[{"href":"https:\/\/madeiraisland.news\/index.php?rest_route=%2Fwp%2Fv2%2Fmedia&parent=1208693"}],"wp:term":[{"taxonomy":"category","embeddable":true,"href":"https:\/\/madeiraisland.news\/index.php?rest_route=%2Fwp%2Fv2%2Fcategories&post=1208693"},{"taxonomy":"post_tag","embeddable":true,"href":"https:\/\/madeiraisland.news\/index.php?rest_route=%2Fwp%2Fv2%2Ftags&post=1208693"}],"curies":[{"name":"wp","href":"https:\/\/api.w.org\/{rel}","templated":true}]}}