{"id":1208689,"date":"2026-09-04T16:21:48","date_gmt":"2026-09-04T16:21:48","guid":{"rendered":"https:\/\/madeiraisland.news\/?p=1208689"},"modified":"2026-09-04T16:30:09","modified_gmt":"2026-09-04T16:30:09","slug":"cheiro-intenso-a-esgoto-denunciado-em-sao-martinho","status":"publish","type":"post","link":"https:\/\/madeiraisland.news\/?p=1208689","title":{"rendered":"Cheiro intenso a esgoto denunciado em S\u00e3o Martinho"},"content":{"rendered":"<p>V\u00e1rios populares sentiram, esta manh\u00e3, um cheiro intenso a esgoto na zona do Continente de S\u00e3o Martinho, no Funchal, denunciando a situa\u00e7\u00e3o.\u00a0<br \/>\nContactada pelo DI\u00c1RIO, a C\u00e2mara Municipal do Funchal informou que esteve no local a inspeccionar as redes de \u00e1guas residuais dom\u00e9sticas e pluviais, garantindo que ambas \u201cest\u00e3o a funcionar normalmente\u201d.<br \/>\nSegundo a autarquia, quando a equipa chegou ao local, j\u00e1 n\u00e3o se verificava o alegado mau cheiro.<br \/>\nA C\u00e2mara do Funchal adianta ainda que, nos pr\u00f3ximos dias, <\/p>\n","protected":false},"excerpt":{"rendered":"<p>V\u00e1rios populares sentiram, esta manh\u00e3, um cheiro intenso a esgoto na zona do Continente de S\u00e3o Martinho, no Funchal, denunciando &#8230; <\/p>\n<p class=\"read-more-container\"><a title=\"Cheiro intenso a esgoto denunciado em S\u00e3o Martinho\" class=\"read-more button\" href=\"https:\/\/madeiraisland.news\/?p=1208689#more-1208689\" aria-label=\"Read more about Cheiro intenso a esgoto denunciado em S\u00e3o Martinho\">Read more<\/a><\/p>\n","protected":false},"author":20,"featured_media":0,"comment_status":"open","ping_status":"","sticky":false,"template":"","format":"standard","meta":{"footnotes":""},"categories":[19],"tags":[],"class_list":["post-1208689","post","type-post","status-publish","format-standard","hentry","category-madeira-island-news","infinite-scroll-item","masonry-post","generate-columns","tablet-grid-50","mobile-grid-100","grid-parent","grid-33"],"_links":{"self":[{"href":"https:\/\/madeiraisland.news\/index.php?rest_route=\/wp\/v2\/posts\/1208689","targetHints":{"allow":["GET"]}}],"collection":[{"href":"https:\/\/madeiraisland.news\/index.php?rest_route=\/wp\/v2\/posts"}],"about":[{"href":"https:\/\/madeiraisland.news\/index.php?rest_route=\/wp\/v2\/types\/post"}],"author":[{"embeddable":true,"href":"https:\/\/madeiraisland.news\/index.php?rest_route=\/wp\/v2\/users\/20"}],"replies":[{"embeddable":true,"href":"https:\/\/madeiraisland.news\/index.php?rest_route=%2Fwp%2Fv2%2Fcomments&post=1208689"}],"version-history":[{"count":1,"href":"https:\/\/madeiraisland.news\/index.php?rest_route=\/wp\/v2\/posts\/1208689\/revisions"}],"predecessor-version":[{"id":1208690,"href":"https:\/\/madeiraisland.news\/index.php?rest_route=\/wp\/v2\/posts\/1208689\/revisions\/1208690"}],"wp:attachment":[{"href":"https:\/\/madeiraisland.news\/index.php?rest_route=%2Fwp%2Fv2%2Fmedia&parent=1208689"}],"wp:term":[{"taxonomy":"category","embeddable":true,"href":"https:\/\/madeiraisland.news\/index.php?rest_route=%2Fwp%2Fv2%2Fcategories&post=1208689"},{"taxonomy":"post_tag","embeddable":true,"href":"https:\/\/madeiraisland.news\/index.php?rest_route=%2Fwp%2Fv2%2Ftags&post=1208689"}],"curies":[{"name":"wp","href":"https:\/\/api.w.org\/{rel}","templated":true}]}}