{"id":1208685,"date":"2026-09-04T15:55:16","date_gmt":"2026-09-04T15:55:16","guid":{"rendered":"https:\/\/madeiraisland.news\/?p=1208685"},"modified":"2026-09-04T15:59:36","modified_gmt":"2026-09-04T15:59:36","slug":"jpp-aponta-falta-de-palavra-do-gr-quando-disse-que-isentaria-os-emigrantes-de-pagar-taxas-para-percursos-pedestres","status":"publish","type":"post","link":"https:\/\/madeiraisland.news\/?p=1208685","title":{"rendered":"JPP aponta \u201cfalta de palavra\u201d do GR quando disse que isentaria os emigrantes de pagar taxas para percursos pedestres"},"content":{"rendered":"<p>O Juntos Pelo Povo (JPP) alertou esta sexta-feira, em Santana, para \u201ca falta de palavra\u201d do Governo Regional do PSD\/CDS, que se havia comprometido, em Fevereiro deste ano, a isentar os emigrantes madeirenses do pagamento de taxas para aceder aos percursos pedestres, mas, at\u00e9 aos dias de hoje, nenhuma solu\u00e7\u00e3o alternativa foi apresentada. \u201cA pergunta [\u2026]<\/p>\n","protected":false},"excerpt":{"rendered":"<p>O Juntos Pelo Povo (JPP) alertou esta sexta-feira, em Santana, para \u201ca falta de palavra\u201d do Governo Regional do PSD\/CDS, &#8230; <\/p>\n<p class=\"read-more-container\"><a title=\"JPP aponta \u201cfalta de palavra\u201d do GR quando disse que isentaria os emigrantes de pagar taxas para percursos pedestres\" class=\"read-more button\" href=\"https:\/\/madeiraisland.news\/?p=1208685#more-1208685\" aria-label=\"Read more about JPP aponta \u201cfalta de palavra\u201d do GR quando disse que isentaria os emigrantes de pagar taxas para percursos pedestres\">Read more<\/a><\/p>\n","protected":false},"author":258,"featured_media":0,"comment_status":"open","ping_status":"","sticky":false,"template":"","format":"standard","meta":{"footnotes":""},"categories":[19],"tags":[],"class_list":["post-1208685","post","type-post","status-publish","format-standard","hentry","category-madeira-island-news","infinite-scroll-item","masonry-post","generate-columns","tablet-grid-50","mobile-grid-100","grid-parent","grid-33"],"_links":{"self":[{"href":"https:\/\/madeiraisland.news\/index.php?rest_route=\/wp\/v2\/posts\/1208685","targetHints":{"allow":["GET"]}}],"collection":[{"href":"https:\/\/madeiraisland.news\/index.php?rest_route=\/wp\/v2\/posts"}],"about":[{"href":"https:\/\/madeiraisland.news\/index.php?rest_route=\/wp\/v2\/types\/post"}],"author":[{"embeddable":true,"href":"https:\/\/madeiraisland.news\/index.php?rest_route=\/wp\/v2\/users\/258"}],"replies":[{"embeddable":true,"href":"https:\/\/madeiraisland.news\/index.php?rest_route=%2Fwp%2Fv2%2Fcomments&post=1208685"}],"version-history":[{"count":1,"href":"https:\/\/madeiraisland.news\/index.php?rest_route=\/wp\/v2\/posts\/1208685\/revisions"}],"predecessor-version":[{"id":1208686,"href":"https:\/\/madeiraisland.news\/index.php?rest_route=\/wp\/v2\/posts\/1208685\/revisions\/1208686"}],"wp:attachment":[{"href":"https:\/\/madeiraisland.news\/index.php?rest_route=%2Fwp%2Fv2%2Fmedia&parent=1208685"}],"wp:term":[{"taxonomy":"category","embeddable":true,"href":"https:\/\/madeiraisland.news\/index.php?rest_route=%2Fwp%2Fv2%2Fcategories&post=1208685"},{"taxonomy":"post_tag","embeddable":true,"href":"https:\/\/madeiraisland.news\/index.php?rest_route=%2Fwp%2Fv2%2Ftags&post=1208685"}],"curies":[{"name":"wp","href":"https:\/\/api.w.org\/{rel}","templated":true}]}}