{"id":1208683,"date":"2026-09-04T15:02:02","date_gmt":"2026-09-04T15:02:02","guid":{"rendered":"https:\/\/madeiraisland.news\/?p=1208683"},"modified":"2026-09-04T15:15:14","modified_gmt":"2026-09-04T15:15:14","slug":"proteccao-civil-avisa-para-risco-acrescido-de-incendios-florestais","status":"publish","type":"post","link":"https:\/\/madeiraisland.news\/?p=1208683","title":{"rendered":"Protec\u00e7\u00e3o Civil avisa para risco acrescido de inc\u00eandios florestais"},"content":{"rendered":"<p>\u00a0 O Servi\u00e7o Regional de Protec\u00e7\u00e3o Civil, de acordo com as previs\u00f5es do Instituto Portugu\u00eas do Mar e da Atmosfera (IPMA), prev\u00ea um agravamento gradual das condi\u00e7\u00f5es meteorol\u00f3gicas nos pr\u00f3ximos dias, em especial a partir de domingo, 6 de Setembro, pelo menos at\u00e9 quarta-feira, dia 9 de Setembro, que poder\u00e3o contribuir para um aumento do [\u2026]<\/p>\n","protected":false},"excerpt":{"rendered":"<p>\u00a0 O Servi\u00e7o Regional de Protec\u00e7\u00e3o Civil, de acordo com as previs\u00f5es do Instituto Portugu\u00eas do Mar e da Atmosfera &#8230; <\/p>\n<p class=\"read-more-container\"><a title=\"Protec\u00e7\u00e3o Civil avisa para risco acrescido de inc\u00eandios florestais\" class=\"read-more button\" href=\"https:\/\/madeiraisland.news\/?p=1208683#more-1208683\" aria-label=\"Read more about Protec\u00e7\u00e3o Civil avisa para risco acrescido de inc\u00eandios florestais\">Read more<\/a><\/p>\n","protected":false},"author":258,"featured_media":0,"comment_status":"open","ping_status":"","sticky":false,"template":"","format":"standard","meta":{"footnotes":""},"categories":[19],"tags":[],"class_list":["post-1208683","post","type-post","status-publish","format-standard","hentry","category-madeira-island-news","infinite-scroll-item","masonry-post","generate-columns","tablet-grid-50","mobile-grid-100","grid-parent","grid-33"],"_links":{"self":[{"href":"https:\/\/madeiraisland.news\/index.php?rest_route=\/wp\/v2\/posts\/1208683","targetHints":{"allow":["GET"]}}],"collection":[{"href":"https:\/\/madeiraisland.news\/index.php?rest_route=\/wp\/v2\/posts"}],"about":[{"href":"https:\/\/madeiraisland.news\/index.php?rest_route=\/wp\/v2\/types\/post"}],"author":[{"embeddable":true,"href":"https:\/\/madeiraisland.news\/index.php?rest_route=\/wp\/v2\/users\/258"}],"replies":[{"embeddable":true,"href":"https:\/\/madeiraisland.news\/index.php?rest_route=%2Fwp%2Fv2%2Fcomments&post=1208683"}],"version-history":[{"count":1,"href":"https:\/\/madeiraisland.news\/index.php?rest_route=\/wp\/v2\/posts\/1208683\/revisions"}],"predecessor-version":[{"id":1208684,"href":"https:\/\/madeiraisland.news\/index.php?rest_route=\/wp\/v2\/posts\/1208683\/revisions\/1208684"}],"wp:attachment":[{"href":"https:\/\/madeiraisland.news\/index.php?rest_route=%2Fwp%2Fv2%2Fmedia&parent=1208683"}],"wp:term":[{"taxonomy":"category","embeddable":true,"href":"https:\/\/madeiraisland.news\/index.php?rest_route=%2Fwp%2Fv2%2Fcategories&post=1208683"},{"taxonomy":"post_tag","embeddable":true,"href":"https:\/\/madeiraisland.news\/index.php?rest_route=%2Fwp%2Fv2%2Ftags&post=1208683"}],"curies":[{"name":"wp","href":"https:\/\/api.w.org\/{rel}","templated":true}]}}