{"id":1208681,"date":"2026-09-04T15:08:57","date_gmt":"2026-09-04T15:08:57","guid":{"rendered":"https:\/\/madeiraisland.news\/?p=1208681"},"modified":"2026-09-04T15:15:14","modified_gmt":"2026-09-04T15:15:14","slug":"ps-acusa-gr-de-so-contratar-profissionais-para-o-sesaram-em-situacoes-limite","status":"publish","type":"post","link":"https:\/\/madeiraisland.news\/?p=1208681","title":{"rendered":"PS acusa GR de s\u00f3 contratar profissionais para o SESARAM em situa\u00e7\u00f5es-limite"},"content":{"rendered":"<p>O PS entende que as recentes escusas de responsabilidade apresentadas por profissionais de Radiologia v\u00eam confirmar os alertas que o partido tem feito relativamente \u00e0 insufici\u00eancia de recursos humanos no SESARAM e acusa o Governo Regional de continuar a responder aos problemas apenas quando estes atingem situa\u00e7\u00f5es limite. Na sequ\u00eancia dos \u00faltimos acontecimentos, o PS [\u2026]<\/p>\n","protected":false},"excerpt":{"rendered":"<p>O PS entende que as recentes escusas de responsabilidade apresentadas por profissionais de Radiologia v\u00eam confirmar os alertas que o &#8230; <\/p>\n<p class=\"read-more-container\"><a title=\"PS acusa GR de s\u00f3 contratar profissionais para o SESARAM em situa\u00e7\u00f5es-limite\" class=\"read-more button\" href=\"https:\/\/madeiraisland.news\/?p=1208681#more-1208681\" aria-label=\"Read more about PS acusa GR de s\u00f3 contratar profissionais para o SESARAM em situa\u00e7\u00f5es-limite\">Read more<\/a><\/p>\n","protected":false},"author":258,"featured_media":0,"comment_status":"open","ping_status":"","sticky":false,"template":"","format":"standard","meta":{"footnotes":""},"categories":[19],"tags":[],"class_list":["post-1208681","post","type-post","status-publish","format-standard","hentry","category-madeira-island-news","infinite-scroll-item","masonry-post","generate-columns","tablet-grid-50","mobile-grid-100","grid-parent","grid-33"],"_links":{"self":[{"href":"https:\/\/madeiraisland.news\/index.php?rest_route=\/wp\/v2\/posts\/1208681","targetHints":{"allow":["GET"]}}],"collection":[{"href":"https:\/\/madeiraisland.news\/index.php?rest_route=\/wp\/v2\/posts"}],"about":[{"href":"https:\/\/madeiraisland.news\/index.php?rest_route=\/wp\/v2\/types\/post"}],"author":[{"embeddable":true,"href":"https:\/\/madeiraisland.news\/index.php?rest_route=\/wp\/v2\/users\/258"}],"replies":[{"embeddable":true,"href":"https:\/\/madeiraisland.news\/index.php?rest_route=%2Fwp%2Fv2%2Fcomments&post=1208681"}],"version-history":[{"count":1,"href":"https:\/\/madeiraisland.news\/index.php?rest_route=\/wp\/v2\/posts\/1208681\/revisions"}],"predecessor-version":[{"id":1208682,"href":"https:\/\/madeiraisland.news\/index.php?rest_route=\/wp\/v2\/posts\/1208681\/revisions\/1208682"}],"wp:attachment":[{"href":"https:\/\/madeiraisland.news\/index.php?rest_route=%2Fwp%2Fv2%2Fmedia&parent=1208681"}],"wp:term":[{"taxonomy":"category","embeddable":true,"href":"https:\/\/madeiraisland.news\/index.php?rest_route=%2Fwp%2Fv2%2Fcategories&post=1208681"},{"taxonomy":"post_tag","embeddable":true,"href":"https:\/\/madeiraisland.news\/index.php?rest_route=%2Fwp%2Fv2%2Ftags&post=1208681"}],"curies":[{"name":"wp","href":"https:\/\/api.w.org\/{rel}","templated":true}]}}