{"id":1208679,"date":"2026-09-04T15:13:50","date_gmt":"2026-09-04T15:13:50","guid":{"rendered":"https:\/\/madeiraisland.news\/?p=1208679"},"modified":"2026-09-04T15:15:14","modified_gmt":"2026-09-04T15:15:14","slug":"il-diz-que-eventual-classificacao-da-casa-de-lourdes-castro-tem-de-ter-uma-estrategia-concreta","status":"publish","type":"post","link":"https:\/\/madeiraisland.news\/?p=1208679","title":{"rendered":"IL diz que eventual classifica\u00e7\u00e3o da casa de Lourdes Castro tem de ter uma estrat\u00e9gia concreta"},"content":{"rendered":"<p>A Iniciativa Liberal considera que a eventual classifica\u00e7\u00e3o da Casa de Lourdes Castro deve ser acompanhada de uma estrat\u00e9gia concreta para o im\u00f3vel, nomeadamente, de uma proposta s\u00e9ria de aquisi\u00e7\u00e3o do mesmo ao actual propriet\u00e1rio, bem como, de um projecto cred\u00edvel para a instala\u00e7\u00e3o de um equipamento cultural dedicado ao legado da artista madeirense. Para [\u2026]<\/p>\n","protected":false},"excerpt":{"rendered":"<p>A Iniciativa Liberal considera que a eventual classifica\u00e7\u00e3o da Casa de Lourdes Castro deve ser acompanhada de uma estrat\u00e9gia concreta &#8230; <\/p>\n<p class=\"read-more-container\"><a title=\"IL diz que eventual classifica\u00e7\u00e3o da casa de Lourdes Castro tem de ter uma estrat\u00e9gia concreta\" class=\"read-more button\" href=\"https:\/\/madeiraisland.news\/?p=1208679#more-1208679\" aria-label=\"Read more about IL diz que eventual classifica\u00e7\u00e3o da casa de Lourdes Castro tem de ter uma estrat\u00e9gia concreta\">Read more<\/a><\/p>\n","protected":false},"author":258,"featured_media":0,"comment_status":"open","ping_status":"","sticky":false,"template":"","format":"standard","meta":{"footnotes":""},"categories":[19],"tags":[],"class_list":["post-1208679","post","type-post","status-publish","format-standard","hentry","category-madeira-island-news","infinite-scroll-item","masonry-post","generate-columns","tablet-grid-50","mobile-grid-100","grid-parent","grid-33"],"_links":{"self":[{"href":"https:\/\/madeiraisland.news\/index.php?rest_route=\/wp\/v2\/posts\/1208679","targetHints":{"allow":["GET"]}}],"collection":[{"href":"https:\/\/madeiraisland.news\/index.php?rest_route=\/wp\/v2\/posts"}],"about":[{"href":"https:\/\/madeiraisland.news\/index.php?rest_route=\/wp\/v2\/types\/post"}],"author":[{"embeddable":true,"href":"https:\/\/madeiraisland.news\/index.php?rest_route=\/wp\/v2\/users\/258"}],"replies":[{"embeddable":true,"href":"https:\/\/madeiraisland.news\/index.php?rest_route=%2Fwp%2Fv2%2Fcomments&post=1208679"}],"version-history":[{"count":1,"href":"https:\/\/madeiraisland.news\/index.php?rest_route=\/wp\/v2\/posts\/1208679\/revisions"}],"predecessor-version":[{"id":1208680,"href":"https:\/\/madeiraisland.news\/index.php?rest_route=\/wp\/v2\/posts\/1208679\/revisions\/1208680"}],"wp:attachment":[{"href":"https:\/\/madeiraisland.news\/index.php?rest_route=%2Fwp%2Fv2%2Fmedia&parent=1208679"}],"wp:term":[{"taxonomy":"category","embeddable":true,"href":"https:\/\/madeiraisland.news\/index.php?rest_route=%2Fwp%2Fv2%2Fcategories&post=1208679"},{"taxonomy":"post_tag","embeddable":true,"href":"https:\/\/madeiraisland.news\/index.php?rest_route=%2Fwp%2Fv2%2Ftags&post=1208679"}],"curies":[{"name":"wp","href":"https:\/\/api.w.org\/{rel}","templated":true}]}}