{"id":1208677,"date":"2026-09-04T14:51:09","date_gmt":"2026-09-04T14:51:09","guid":{"rendered":"https:\/\/madeiraisland.news\/?p=1208677"},"modified":"2026-09-04T15:00:55","modified_gmt":"2026-09-04T15:00:55","slug":"vereadores-independentes-na-cmf-alegam-que-a-autarquia-esta-a-perder-poder-no-seu-proprio-territorio","status":"publish","type":"post","link":"https:\/\/madeiraisland.news\/?p=1208677","title":{"rendered":"Vereadores independentes na CMF alegam que a autarquia \u201cest\u00e1 a perder poder no seu pr\u00f3prio territ\u00f3rio\u201d"},"content":{"rendered":"<p>Os vereadores independentes na CMF, Lu\u00eds Filipe Santos e Jorge Afonso Freitas consideram, em extenso comunicado, como \u201cpreocupante a crescente interven\u00e7\u00e3o do Governo Regional nas decis\u00f5es urban\u00edsticas da C\u00e2mara Municipal\u201d. Para os mesmos, trata-se de \u201cuma perda progressiva de autonomia da C\u00e2mara Municipal do Funchal na \u00e1rea do urbanismo e do ordenamento do territ\u00f3rio\u201d. A [\u2026]<\/p>\n","protected":false},"excerpt":{"rendered":"<p>Os vereadores independentes na CMF, Lu\u00eds Filipe Santos e Jorge Afonso Freitas consideram, em extenso comunicado, como \u201cpreocupante a crescente &#8230; <\/p>\n<p class=\"read-more-container\"><a title=\"Vereadores independentes na CMF alegam que a autarquia \u201cest\u00e1 a perder poder no seu pr\u00f3prio territ\u00f3rio\u201d\" class=\"read-more button\" href=\"https:\/\/madeiraisland.news\/?p=1208677#more-1208677\" aria-label=\"Read more about Vereadores independentes na CMF alegam que a autarquia \u201cest\u00e1 a perder poder no seu pr\u00f3prio territ\u00f3rio\u201d\">Read more<\/a><\/p>\n","protected":false},"author":258,"featured_media":0,"comment_status":"open","ping_status":"","sticky":false,"template":"","format":"standard","meta":{"footnotes":""},"categories":[19],"tags":[],"class_list":["post-1208677","post","type-post","status-publish","format-standard","hentry","category-madeira-island-news","infinite-scroll-item","masonry-post","generate-columns","tablet-grid-50","mobile-grid-100","grid-parent","grid-33"],"_links":{"self":[{"href":"https:\/\/madeiraisland.news\/index.php?rest_route=\/wp\/v2\/posts\/1208677","targetHints":{"allow":["GET"]}}],"collection":[{"href":"https:\/\/madeiraisland.news\/index.php?rest_route=\/wp\/v2\/posts"}],"about":[{"href":"https:\/\/madeiraisland.news\/index.php?rest_route=\/wp\/v2\/types\/post"}],"author":[{"embeddable":true,"href":"https:\/\/madeiraisland.news\/index.php?rest_route=\/wp\/v2\/users\/258"}],"replies":[{"embeddable":true,"href":"https:\/\/madeiraisland.news\/index.php?rest_route=%2Fwp%2Fv2%2Fcomments&post=1208677"}],"version-history":[{"count":1,"href":"https:\/\/madeiraisland.news\/index.php?rest_route=\/wp\/v2\/posts\/1208677\/revisions"}],"predecessor-version":[{"id":1208678,"href":"https:\/\/madeiraisland.news\/index.php?rest_route=\/wp\/v2\/posts\/1208677\/revisions\/1208678"}],"wp:attachment":[{"href":"https:\/\/madeiraisland.news\/index.php?rest_route=%2Fwp%2Fv2%2Fmedia&parent=1208677"}],"wp:term":[{"taxonomy":"category","embeddable":true,"href":"https:\/\/madeiraisland.news\/index.php?rest_route=%2Fwp%2Fv2%2Fcategories&post=1208677"},{"taxonomy":"post_tag","embeddable":true,"href":"https:\/\/madeiraisland.news\/index.php?rest_route=%2Fwp%2Fv2%2Ftags&post=1208677"}],"curies":[{"name":"wp","href":"https:\/\/api.w.org\/{rel}","templated":true}]}}