{"id":1208675,"date":"2026-09-04T14:55:18","date_gmt":"2026-09-04T14:55:18","guid":{"rendered":"https:\/\/madeiraisland.news\/?p=1208675"},"modified":"2026-09-04T15:00:55","modified_gmt":"2026-09-04T15:00:55","slug":"cmf-vai-reforcar-o-numero-de-psicologos-do-municipio","status":"publish","type":"post","link":"https:\/\/madeiraisland.news\/?p=1208675","title":{"rendered":"CMF vai refor\u00e7ar o n\u00famero de psic\u00f3logos do Munic\u00edpio"},"content":{"rendered":"<p>Na Sala da Assembleia Municipal e nos Pa\u00e7os do Concelho da C\u00e2mara Municipal do Funchal, realizou-se hoje a tert\u00falia \u201dSer Psic\u00f3logo em Tempos de Transforma\u00e7\u00e3o\u201d, numa organiza\u00e7\u00e3o da Delega\u00e7\u00e3o Regional da Ordem dos Psic\u00f3logos n\u00e3o s\u00f3 para assinalar o Dia do Psic\u00f3logo, mas tamb\u00e9m para debater os desafios da profiss\u00e3o. A tert\u00falia contou com a [\u2026]<\/p>\n","protected":false},"excerpt":{"rendered":"<p>Na Sala da Assembleia Municipal e nos Pa\u00e7os do Concelho da C\u00e2mara Municipal do Funchal, realizou-se hoje a tert\u00falia \u201dSer &#8230; <\/p>\n<p class=\"read-more-container\"><a title=\"CMF vai refor\u00e7ar o n\u00famero de psic\u00f3logos do Munic\u00edpio\" class=\"read-more button\" href=\"https:\/\/madeiraisland.news\/?p=1208675#more-1208675\" aria-label=\"Read more about CMF vai refor\u00e7ar o n\u00famero de psic\u00f3logos do Munic\u00edpio\">Read more<\/a><\/p>\n","protected":false},"author":258,"featured_media":0,"comment_status":"open","ping_status":"","sticky":false,"template":"","format":"standard","meta":{"footnotes":""},"categories":[19],"tags":[],"class_list":["post-1208675","post","type-post","status-publish","format-standard","hentry","category-madeira-island-news","infinite-scroll-item","masonry-post","generate-columns","tablet-grid-50","mobile-grid-100","grid-parent","grid-33"],"_links":{"self":[{"href":"https:\/\/madeiraisland.news\/index.php?rest_route=\/wp\/v2\/posts\/1208675","targetHints":{"allow":["GET"]}}],"collection":[{"href":"https:\/\/madeiraisland.news\/index.php?rest_route=\/wp\/v2\/posts"}],"about":[{"href":"https:\/\/madeiraisland.news\/index.php?rest_route=\/wp\/v2\/types\/post"}],"author":[{"embeddable":true,"href":"https:\/\/madeiraisland.news\/index.php?rest_route=\/wp\/v2\/users\/258"}],"replies":[{"embeddable":true,"href":"https:\/\/madeiraisland.news\/index.php?rest_route=%2Fwp%2Fv2%2Fcomments&post=1208675"}],"version-history":[{"count":1,"href":"https:\/\/madeiraisland.news\/index.php?rest_route=\/wp\/v2\/posts\/1208675\/revisions"}],"predecessor-version":[{"id":1208676,"href":"https:\/\/madeiraisland.news\/index.php?rest_route=\/wp\/v2\/posts\/1208675\/revisions\/1208676"}],"wp:attachment":[{"href":"https:\/\/madeiraisland.news\/index.php?rest_route=%2Fwp%2Fv2%2Fmedia&parent=1208675"}],"wp:term":[{"taxonomy":"category","embeddable":true,"href":"https:\/\/madeiraisland.news\/index.php?rest_route=%2Fwp%2Fv2%2Fcategories&post=1208675"},{"taxonomy":"post_tag","embeddable":true,"href":"https:\/\/madeiraisland.news\/index.php?rest_route=%2Fwp%2Fv2%2Ftags&post=1208675"}],"curies":[{"name":"wp","href":"https:\/\/api.w.org\/{rel}","templated":true}]}}