{"id":1208673,"date":"2026-09-04T14:42:59","date_gmt":"2026-09-04T14:42:59","guid":{"rendered":"https:\/\/madeiraisland.news\/?p=1208673"},"modified":"2026-09-04T14:47:21","modified_gmt":"2026-09-04T14:47:21","slug":"porto-do-funchal-pavimento-esburacado-defensas-degradadas-escadas-inoperacionais","status":"publish","type":"post","link":"https:\/\/madeiraisland.news\/?p=1208673","title":{"rendered":"Porto do Funchal: pavimento esburacado, defensas degradadas, escadas inoperacionais"},"content":{"rendered":"<p>Rui Marote Um per\u00edodo de Ver\u00e3o que deveria ter sido aproveitado para manuten\u00e7\u00e3o e melhorias parece ter acabado por ser tempo perdido deixando a desejar a manuten\u00e7\u00e3o do porto do Funchal, precisamente numa zona de elevado fluxo de turistas. O pavimento junto \u00e0 gare, docas de autocarro e t\u00e1xis est\u00e1 esburacado e n\u00e3o s\u00f3 transmite [\u2026]<\/p>\n","protected":false},"excerpt":{"rendered":"<p>Rui Marote Um per\u00edodo de Ver\u00e3o que deveria ter sido aproveitado para manuten\u00e7\u00e3o e melhorias parece ter acabado por ser &#8230; <\/p>\n<p class=\"read-more-container\"><a title=\"Porto do Funchal: pavimento esburacado, defensas degradadas, escadas inoperacionais\" class=\"read-more button\" href=\"https:\/\/madeiraisland.news\/?p=1208673#more-1208673\" aria-label=\"Read more about Porto do Funchal: pavimento esburacado, defensas degradadas, escadas inoperacionais\">Read more<\/a><\/p>\n","protected":false},"author":260,"featured_media":0,"comment_status":"open","ping_status":"","sticky":false,"template":"","format":"standard","meta":{"footnotes":""},"categories":[19],"tags":[],"class_list":["post-1208673","post","type-post","status-publish","format-standard","hentry","category-madeira-island-news","infinite-scroll-item","masonry-post","generate-columns","tablet-grid-50","mobile-grid-100","grid-parent","grid-33"],"_links":{"self":[{"href":"https:\/\/madeiraisland.news\/index.php?rest_route=\/wp\/v2\/posts\/1208673","targetHints":{"allow":["GET"]}}],"collection":[{"href":"https:\/\/madeiraisland.news\/index.php?rest_route=\/wp\/v2\/posts"}],"about":[{"href":"https:\/\/madeiraisland.news\/index.php?rest_route=\/wp\/v2\/types\/post"}],"author":[{"embeddable":true,"href":"https:\/\/madeiraisland.news\/index.php?rest_route=\/wp\/v2\/users\/260"}],"replies":[{"embeddable":true,"href":"https:\/\/madeiraisland.news\/index.php?rest_route=%2Fwp%2Fv2%2Fcomments&post=1208673"}],"version-history":[{"count":1,"href":"https:\/\/madeiraisland.news\/index.php?rest_route=\/wp\/v2\/posts\/1208673\/revisions"}],"predecessor-version":[{"id":1208674,"href":"https:\/\/madeiraisland.news\/index.php?rest_route=\/wp\/v2\/posts\/1208673\/revisions\/1208674"}],"wp:attachment":[{"href":"https:\/\/madeiraisland.news\/index.php?rest_route=%2Fwp%2Fv2%2Fmedia&parent=1208673"}],"wp:term":[{"taxonomy":"category","embeddable":true,"href":"https:\/\/madeiraisland.news\/index.php?rest_route=%2Fwp%2Fv2%2Fcategories&post=1208673"},{"taxonomy":"post_tag","embeddable":true,"href":"https:\/\/madeiraisland.news\/index.php?rest_route=%2Fwp%2Fv2%2Ftags&post=1208673"}],"curies":[{"name":"wp","href":"https:\/\/api.w.org\/{rel}","templated":true}]}}