{"id":1208671,"date":"2026-09-04T13:03:56","date_gmt":"2026-09-04T13:03:56","guid":{"rendered":"https:\/\/madeiraisland.news\/?p=1208671"},"modified":"2026-09-04T13:46:19","modified_gmt":"2026-09-04T13:46:19","slug":"73-acidentes-de-viacao-e-13-detencoes","status":"publish","type":"post","link":"https:\/\/madeiraisland.news\/?p=1208671","title":{"rendered":"73 acidentes de via\u00e7\u00e3o e 13 deten\u00e7\u00f5es"},"content":{"rendered":"<p>O Comando Regional da Madeira da PSP registou, entre 28 de Agosto e 3 de Setembro de 2026, 73 acidentes de via\u00e7\u00e3o, dos quais resultaram 21 feridos ligeiros e 2 feridos graves, n\u00e3o tendo sido registadas v\u00edtimas mortais.<br \/>\nPor concelho, o Funchal registou o maior n\u00famero de acidentes, com 24 ocorr\u00eancias, seguido de Porto Moniz, com 10, S\u00e3o Vicente, com 9, C\u00e2mara de Lobos, com 5, Ribeira Brava, com 4, Calheta, com 3, Ponta do Sol, Santana e Machico, com 2 cada, e Porto Santo, com 1 acidente. Em Santa<\/p>\n","protected":false},"excerpt":{"rendered":"<p>O Comando Regional da Madeira da PSP registou, entre 28 de Agosto e 3 de Setembro de 2026, 73 acidentes &#8230; <\/p>\n<p class=\"read-more-container\"><a title=\"73 acidentes de via\u00e7\u00e3o e 13 deten\u00e7\u00f5es\" class=\"read-more button\" href=\"https:\/\/madeiraisland.news\/?p=1208671#more-1208671\" aria-label=\"Read more about 73 acidentes de via\u00e7\u00e3o e 13 deten\u00e7\u00f5es\">Read more<\/a><\/p>\n","protected":false},"author":281,"featured_media":0,"comment_status":"open","ping_status":"","sticky":false,"template":"","format":"standard","meta":{"footnotes":""},"categories":[19],"tags":[],"class_list":["post-1208671","post","type-post","status-publish","format-standard","hentry","category-madeira-island-news","infinite-scroll-item","masonry-post","generate-columns","tablet-grid-50","mobile-grid-100","grid-parent","grid-33"],"_links":{"self":[{"href":"https:\/\/madeiraisland.news\/index.php?rest_route=\/wp\/v2\/posts\/1208671","targetHints":{"allow":["GET"]}}],"collection":[{"href":"https:\/\/madeiraisland.news\/index.php?rest_route=\/wp\/v2\/posts"}],"about":[{"href":"https:\/\/madeiraisland.news\/index.php?rest_route=\/wp\/v2\/types\/post"}],"author":[{"embeddable":true,"href":"https:\/\/madeiraisland.news\/index.php?rest_route=\/wp\/v2\/users\/281"}],"replies":[{"embeddable":true,"href":"https:\/\/madeiraisland.news\/index.php?rest_route=%2Fwp%2Fv2%2Fcomments&post=1208671"}],"version-history":[{"count":1,"href":"https:\/\/madeiraisland.news\/index.php?rest_route=\/wp\/v2\/posts\/1208671\/revisions"}],"predecessor-version":[{"id":1208672,"href":"https:\/\/madeiraisland.news\/index.php?rest_route=\/wp\/v2\/posts\/1208671\/revisions\/1208672"}],"wp:attachment":[{"href":"https:\/\/madeiraisland.news\/index.php?rest_route=%2Fwp%2Fv2%2Fmedia&parent=1208671"}],"wp:term":[{"taxonomy":"category","embeddable":true,"href":"https:\/\/madeiraisland.news\/index.php?rest_route=%2Fwp%2Fv2%2Fcategories&post=1208671"},{"taxonomy":"post_tag","embeddable":true,"href":"https:\/\/madeiraisland.news\/index.php?rest_route=%2Fwp%2Fv2%2Ftags&post=1208671"}],"curies":[{"name":"wp","href":"https:\/\/api.w.org\/{rel}","templated":true}]}}