{"id":1208666,"date":"2026-09-04T12:02:28","date_gmt":"2026-09-04T12:02:28","guid":{"rendered":"https:\/\/madeiraisland.news\/?p=1208666"},"modified":"2026-09-04T12:16:07","modified_gmt":"2026-09-04T12:16:07","slug":"coluna-de-fumo-mobiliza-bombeiros-ate-a-travessa-ribeira-joao-gomes","status":"publish","type":"post","link":"https:\/\/madeiraisland.news\/?p=1208666","title":{"rendered":"Coluna de fumo mobiliza bombeiros at\u00e9 \u00e0 Travessa Ribeira Jo\u00e3o Gomes"},"content":{"rendered":"<p>Os Bombeiros Volunt\u00e1rios Madeirenses foram alertados, pelas 11h30 desta sexta-feira, para uma coluna de fumo na Travessa da Ribeira de Jo\u00e3o Gomes, no Funchal.<br \/>\nPara o local foi mobilizada uma viatura ligeira de combate a inc\u00eandios, com tr\u00eas elementos.<br \/>\n\u00c0 chegada, os bombeiros verificaram que o fumo tinha origem numa queimada de sobrantes provenientes de uma obra.<br \/>\nO foco de inc\u00eandio foi rapidamente extinto.\u00a0<\/p>\n","protected":false},"excerpt":{"rendered":"<p>Os Bombeiros Volunt\u00e1rios Madeirenses foram alertados, pelas 11h30 desta sexta-feira, para uma coluna de fumo na Travessa da Ribeira de &#8230; <\/p>\n<p class=\"read-more-container\"><a title=\"Coluna de fumo mobiliza bombeiros at\u00e9 \u00e0 Travessa Ribeira Jo\u00e3o Gomes\" class=\"read-more button\" href=\"https:\/\/madeiraisland.news\/?p=1208666#more-1208666\" aria-label=\"Read more about Coluna de fumo mobiliza bombeiros at\u00e9 \u00e0 Travessa Ribeira Jo\u00e3o Gomes\">Read more<\/a><\/p>\n","protected":false},"author":20,"featured_media":0,"comment_status":"open","ping_status":"","sticky":false,"template":"","format":"standard","meta":{"footnotes":""},"categories":[19],"tags":[],"class_list":["post-1208666","post","type-post","status-publish","format-standard","hentry","category-madeira-island-news","infinite-scroll-item","masonry-post","generate-columns","tablet-grid-50","mobile-grid-100","grid-parent","grid-33"],"_links":{"self":[{"href":"https:\/\/madeiraisland.news\/index.php?rest_route=\/wp\/v2\/posts\/1208666","targetHints":{"allow":["GET"]}}],"collection":[{"href":"https:\/\/madeiraisland.news\/index.php?rest_route=\/wp\/v2\/posts"}],"about":[{"href":"https:\/\/madeiraisland.news\/index.php?rest_route=\/wp\/v2\/types\/post"}],"author":[{"embeddable":true,"href":"https:\/\/madeiraisland.news\/index.php?rest_route=\/wp\/v2\/users\/20"}],"replies":[{"embeddable":true,"href":"https:\/\/madeiraisland.news\/index.php?rest_route=%2Fwp%2Fv2%2Fcomments&post=1208666"}],"version-history":[{"count":1,"href":"https:\/\/madeiraisland.news\/index.php?rest_route=\/wp\/v2\/posts\/1208666\/revisions"}],"predecessor-version":[{"id":1208667,"href":"https:\/\/madeiraisland.news\/index.php?rest_route=\/wp\/v2\/posts\/1208666\/revisions\/1208667"}],"wp:attachment":[{"href":"https:\/\/madeiraisland.news\/index.php?rest_route=%2Fwp%2Fv2%2Fmedia&parent=1208666"}],"wp:term":[{"taxonomy":"category","embeddable":true,"href":"https:\/\/madeiraisland.news\/index.php?rest_route=%2Fwp%2Fv2%2Fcategories&post=1208666"},{"taxonomy":"post_tag","embeddable":true,"href":"https:\/\/madeiraisland.news\/index.php?rest_route=%2Fwp%2Fv2%2Ftags&post=1208666"}],"curies":[{"name":"wp","href":"https:\/\/api.w.org\/{rel}","templated":true}]}}