{"id":1208664,"date":"2026-09-04T11:32:30","date_gmt":"2026-09-04T11:32:30","guid":{"rendered":"https:\/\/madeiraisland.news\/?p=1208664"},"modified":"2026-09-04T11:49:42","modified_gmt":"2026-09-04T11:49:42","slug":"perigo-de-incendio-rural-agrava-se-a-partir-de-domingo","status":"publish","type":"post","link":"https:\/\/madeiraisland.news\/?p=1208664","title":{"rendered":"Perigo de inc\u00eandio rural agrava-se a partir de domingo"},"content":{"rendered":"<p>As condi\u00e7\u00f5es meteorol\u00f3gicas previstas para os pr\u00f3ximos dias poder\u00e3o contribuir para um agravamento do perigo de inc\u00eandio rural na Madeira, sobretudo nas zonas altas e nos extremos leste e oeste da ilha.<br \/>\nO alerta \u00e9 deixado pelo Servi\u00e7o Regional de Protec\u00e7\u00e3o Civil, com base nas previs\u00f5es do Instituto Portugu\u00eas do Mar e da Atmosfera (IPMA), que apontam para um agravamento das condi\u00e7\u00f5es meteorol\u00f3gicas entre domingo, dia 6, e pelo menos quarta-feira, dia 9 de Setembro.<br \/>\nO vento ser\u00e1 predominantemente <\/p>\n","protected":false},"excerpt":{"rendered":"<p>As condi\u00e7\u00f5es meteorol\u00f3gicas previstas para os pr\u00f3ximos dias poder\u00e3o contribuir para um agravamento do perigo de inc\u00eandio rural na Madeira, &#8230; <\/p>\n<p class=\"read-more-container\"><a title=\"Perigo de inc\u00eandio rural agrava-se a partir de domingo\" class=\"read-more button\" href=\"https:\/\/madeiraisland.news\/?p=1208664#more-1208664\" aria-label=\"Read more about Perigo de inc\u00eandio rural agrava-se a partir de domingo\">Read more<\/a><\/p>\n","protected":false},"author":20,"featured_media":0,"comment_status":"open","ping_status":"","sticky":false,"template":"","format":"standard","meta":{"footnotes":""},"categories":[19],"tags":[],"class_list":["post-1208664","post","type-post","status-publish","format-standard","hentry","category-madeira-island-news","infinite-scroll-item","masonry-post","generate-columns","tablet-grid-50","mobile-grid-100","grid-parent","grid-33"],"_links":{"self":[{"href":"https:\/\/madeiraisland.news\/index.php?rest_route=\/wp\/v2\/posts\/1208664","targetHints":{"allow":["GET"]}}],"collection":[{"href":"https:\/\/madeiraisland.news\/index.php?rest_route=\/wp\/v2\/posts"}],"about":[{"href":"https:\/\/madeiraisland.news\/index.php?rest_route=\/wp\/v2\/types\/post"}],"author":[{"embeddable":true,"href":"https:\/\/madeiraisland.news\/index.php?rest_route=\/wp\/v2\/users\/20"}],"replies":[{"embeddable":true,"href":"https:\/\/madeiraisland.news\/index.php?rest_route=%2Fwp%2Fv2%2Fcomments&post=1208664"}],"version-history":[{"count":1,"href":"https:\/\/madeiraisland.news\/index.php?rest_route=\/wp\/v2\/posts\/1208664\/revisions"}],"predecessor-version":[{"id":1208665,"href":"https:\/\/madeiraisland.news\/index.php?rest_route=\/wp\/v2\/posts\/1208664\/revisions\/1208665"}],"wp:attachment":[{"href":"https:\/\/madeiraisland.news\/index.php?rest_route=%2Fwp%2Fv2%2Fmedia&parent=1208664"}],"wp:term":[{"taxonomy":"category","embeddable":true,"href":"https:\/\/madeiraisland.news\/index.php?rest_route=%2Fwp%2Fv2%2Fcategories&post=1208664"},{"taxonomy":"post_tag","embeddable":true,"href":"https:\/\/madeiraisland.news\/index.php?rest_route=%2Fwp%2Fv2%2Ftags&post=1208664"}],"curies":[{"name":"wp","href":"https:\/\/api.w.org\/{rel}","templated":true}]}}