{"id":1208662,"date":"2026-09-04T11:14:09","date_gmt":"2026-09-04T11:14:09","guid":{"rendered":"https:\/\/madeiraisland.news\/?p=1208662"},"modified":"2026-09-04T11:19:01","modified_gmt":"2026-09-04T11:19:01","slug":"morreu-o-ex-presidente-do-centro-portugues-de-caracas-egidio-monteiro","status":"publish","type":"post","link":"https:\/\/madeiraisland.news\/?p=1208662","title":{"rendered":"Morreu o ex-presidente do Centro Portugu\u00eas de Caracas Eg\u00eddio Monteiro"},"content":{"rendered":"<p>Morreu Jos\u00e9 Eg\u00eddio de Sousa Monteiro, ex-presidente do Centro Portugu\u00eas de Caracas, na Venezuela. O falecimento aconteceu na Madeira, para onde tinha regressado h\u00e1 alguns anos depois de muitos anos como emigrante na Venezuela. Jos\u00e9 Eg\u00eddio de Sousa Monteiro era natural da freguesia do Loreto, Arco da Calheta e residia em Santa Maria Maior, Funchal. [\u2026]<\/p>\n","protected":false},"excerpt":{"rendered":"<p>Morreu Jos\u00e9 Eg\u00eddio de Sousa Monteiro, ex-presidente do Centro Portugu\u00eas de Caracas, na Venezuela. O falecimento aconteceu na Madeira, para &#8230; <\/p>\n<p class=\"read-more-container\"><a title=\"Morreu o ex-presidente do Centro Portugu\u00eas de Caracas Eg\u00eddio Monteiro\" class=\"read-more button\" href=\"https:\/\/madeiraisland.news\/?p=1208662#more-1208662\" aria-label=\"Read more about Morreu o ex-presidente do Centro Portugu\u00eas de Caracas Eg\u00eddio Monteiro\">Read more<\/a><\/p>\n","protected":false},"author":259,"featured_media":0,"comment_status":"open","ping_status":"","sticky":false,"template":"","format":"standard","meta":{"footnotes":""},"categories":[19],"tags":[],"class_list":["post-1208662","post","type-post","status-publish","format-standard","hentry","category-madeira-island-news","infinite-scroll-item","masonry-post","generate-columns","tablet-grid-50","mobile-grid-100","grid-parent","grid-33"],"_links":{"self":[{"href":"https:\/\/madeiraisland.news\/index.php?rest_route=\/wp\/v2\/posts\/1208662","targetHints":{"allow":["GET"]}}],"collection":[{"href":"https:\/\/madeiraisland.news\/index.php?rest_route=\/wp\/v2\/posts"}],"about":[{"href":"https:\/\/madeiraisland.news\/index.php?rest_route=\/wp\/v2\/types\/post"}],"author":[{"embeddable":true,"href":"https:\/\/madeiraisland.news\/index.php?rest_route=\/wp\/v2\/users\/259"}],"replies":[{"embeddable":true,"href":"https:\/\/madeiraisland.news\/index.php?rest_route=%2Fwp%2Fv2%2Fcomments&post=1208662"}],"version-history":[{"count":1,"href":"https:\/\/madeiraisland.news\/index.php?rest_route=\/wp\/v2\/posts\/1208662\/revisions"}],"predecessor-version":[{"id":1208663,"href":"https:\/\/madeiraisland.news\/index.php?rest_route=\/wp\/v2\/posts\/1208662\/revisions\/1208663"}],"wp:attachment":[{"href":"https:\/\/madeiraisland.news\/index.php?rest_route=%2Fwp%2Fv2%2Fmedia&parent=1208662"}],"wp:term":[{"taxonomy":"category","embeddable":true,"href":"https:\/\/madeiraisland.news\/index.php?rest_route=%2Fwp%2Fv2%2Fcategories&post=1208662"},{"taxonomy":"post_tag","embeddable":true,"href":"https:\/\/madeiraisland.news\/index.php?rest_route=%2Fwp%2Fv2%2Ftags&post=1208662"}],"curies":[{"name":"wp","href":"https:\/\/api.w.org\/{rel}","templated":true}]}}