{"id":1208660,"date":"2026-09-04T10:59:01","date_gmt":"2026-09-04T10:59:01","guid":{"rendered":"https:\/\/madeiraisland.news\/?p=1208660"},"modified":"2026-09-04T11:00:46","modified_gmt":"2026-09-04T11:00:46","slug":"loja-solidaria-do-canico-denuncia-falta-de-civismo","status":"publish","type":"post","link":"https:\/\/madeiraisland.news\/?p=1208660","title":{"rendered":"Loja Solid\u00e1ria do Cani\u00e7o denuncia falta de civismo"},"content":{"rendered":"<p>A Loja Solid\u00e1ria do Cani\u00e7o denunciou, atrav\u00e9s de uma publica\u00e7\u00e3o nas redes sociais, uma situa\u00e7\u00e3o de deposi\u00e7\u00e3o indevida de roupa junto \u00e0s suas instala\u00e7\u00f5es, com pe\u00e7as espalhadas pela rua e sacos rasgados.<br \/>\nA situa\u00e7\u00e3o foi divulgada pela Junta de Freguesia do Cani\u00e7o, que lamentou o sucedido e apelou ao civismo da popula\u00e7\u00e3o. &#8220;Isto n\u00e3o \u00e9 solidariedade. \u00c9 falta de civismo&#8221;, pode ler-se na publica\u00e7\u00e3o.\u00a0<br \/>\nA Junta explica que a Loja Solid\u00e1ria existe para apoiar quem mais precisa e n\u00e3o deve ser utilizada como <\/p>\n","protected":false},"excerpt":{"rendered":"<p>A Loja Solid\u00e1ria do Cani\u00e7o denunciou, atrav\u00e9s de uma publica\u00e7\u00e3o nas redes sociais, uma situa\u00e7\u00e3o de deposi\u00e7\u00e3o indevida de roupa &#8230; <\/p>\n<p class=\"read-more-container\"><a title=\"Loja Solid\u00e1ria do Cani\u00e7o denuncia falta de civismo\" class=\"read-more button\" href=\"https:\/\/madeiraisland.news\/?p=1208660#more-1208660\" aria-label=\"Read more about Loja Solid\u00e1ria do Cani\u00e7o denuncia falta de civismo\">Read more<\/a><\/p>\n","protected":false},"author":20,"featured_media":0,"comment_status":"open","ping_status":"","sticky":false,"template":"","format":"standard","meta":{"footnotes":""},"categories":[19],"tags":[],"class_list":["post-1208660","post","type-post","status-publish","format-standard","hentry","category-madeira-island-news","infinite-scroll-item","masonry-post","generate-columns","tablet-grid-50","mobile-grid-100","grid-parent","grid-33"],"_links":{"self":[{"href":"https:\/\/madeiraisland.news\/index.php?rest_route=\/wp\/v2\/posts\/1208660","targetHints":{"allow":["GET"]}}],"collection":[{"href":"https:\/\/madeiraisland.news\/index.php?rest_route=\/wp\/v2\/posts"}],"about":[{"href":"https:\/\/madeiraisland.news\/index.php?rest_route=\/wp\/v2\/types\/post"}],"author":[{"embeddable":true,"href":"https:\/\/madeiraisland.news\/index.php?rest_route=\/wp\/v2\/users\/20"}],"replies":[{"embeddable":true,"href":"https:\/\/madeiraisland.news\/index.php?rest_route=%2Fwp%2Fv2%2Fcomments&post=1208660"}],"version-history":[{"count":1,"href":"https:\/\/madeiraisland.news\/index.php?rest_route=\/wp\/v2\/posts\/1208660\/revisions"}],"predecessor-version":[{"id":1208661,"href":"https:\/\/madeiraisland.news\/index.php?rest_route=\/wp\/v2\/posts\/1208660\/revisions\/1208661"}],"wp:attachment":[{"href":"https:\/\/madeiraisland.news\/index.php?rest_route=%2Fwp%2Fv2%2Fmedia&parent=1208660"}],"wp:term":[{"taxonomy":"category","embeddable":true,"href":"https:\/\/madeiraisland.news\/index.php?rest_route=%2Fwp%2Fv2%2Fcategories&post=1208660"},{"taxonomy":"post_tag","embeddable":true,"href":"https:\/\/madeiraisland.news\/index.php?rest_route=%2Fwp%2Fv2%2Ftags&post=1208660"}],"curies":[{"name":"wp","href":"https:\/\/api.w.org\/{rel}","templated":true}]}}