{"id":1208658,"date":"2026-09-04T10:13:55","date_gmt":"2026-09-04T10:13:55","guid":{"rendered":"https:\/\/madeiraisland.news\/?p=1208658"},"modified":"2026-09-04T10:17:01","modified_gmt":"2026-09-04T10:17:01","slug":"nunca-vao-ao-mercado-dos-lavradores","status":"publish","type":"post","link":"https:\/\/madeiraisland.news\/?p=1208658","title":{"rendered":"&#8220;Nunca v\u00e3o ao Mercado dos Lavradores&#8221;"},"content":{"rendered":"<p>Um v\u00eddeo publicado no TikTok por uma turista que afirma ter<br \/>\npago 20 euros por fruta no Mercado dos Lavradores, no Funchal, est\u00e1 a gerar reac\u00e7\u00f5es<br \/>\nnas redes sociais. No v\u00eddeo, a visitante explica que apenas se apercebeu do<br \/>\nvalor no momento do pagamento e deixa um apelo para que exista maior regula\u00e7\u00e3o<br \/>\ndos pre\u00e7os praticados naquele espa\u00e7o.<br \/>\n\u201c\u00c9 o mercado mais conhecido do Funchal, onde os turistas v\u00e3o,<br \/>\nmas os pre\u00e7os s\u00e3o loucos\u201d, denuncia a jovem turista, acrescentando que est\u00e1<br \/>\ndesiludida porque pagou <\/p>\n","protected":false},"excerpt":{"rendered":"<p>Um v\u00eddeo publicado no TikTok por uma turista que afirma ter pago 20 euros por fruta no Mercado dos Lavradores, &#8230; <\/p>\n<p class=\"read-more-container\"><a title=\"&#8220;Nunca v\u00e3o ao Mercado dos Lavradores&#8221;\" class=\"read-more button\" href=\"https:\/\/madeiraisland.news\/?p=1208658#more-1208658\" aria-label=\"Read more about &#8220;Nunca v\u00e3o ao Mercado dos Lavradores&#8221;\">Read more<\/a><\/p>\n","protected":false},"author":20,"featured_media":0,"comment_status":"open","ping_status":"","sticky":false,"template":"","format":"standard","meta":{"footnotes":""},"categories":[19],"tags":[],"class_list":["post-1208658","post","type-post","status-publish","format-standard","hentry","category-madeira-island-news","infinite-scroll-item","masonry-post","generate-columns","tablet-grid-50","mobile-grid-100","grid-parent","grid-33"],"_links":{"self":[{"href":"https:\/\/madeiraisland.news\/index.php?rest_route=\/wp\/v2\/posts\/1208658","targetHints":{"allow":["GET"]}}],"collection":[{"href":"https:\/\/madeiraisland.news\/index.php?rest_route=\/wp\/v2\/posts"}],"about":[{"href":"https:\/\/madeiraisland.news\/index.php?rest_route=\/wp\/v2\/types\/post"}],"author":[{"embeddable":true,"href":"https:\/\/madeiraisland.news\/index.php?rest_route=\/wp\/v2\/users\/20"}],"replies":[{"embeddable":true,"href":"https:\/\/madeiraisland.news\/index.php?rest_route=%2Fwp%2Fv2%2Fcomments&post=1208658"}],"version-history":[{"count":1,"href":"https:\/\/madeiraisland.news\/index.php?rest_route=\/wp\/v2\/posts\/1208658\/revisions"}],"predecessor-version":[{"id":1208659,"href":"https:\/\/madeiraisland.news\/index.php?rest_route=\/wp\/v2\/posts\/1208658\/revisions\/1208659"}],"wp:attachment":[{"href":"https:\/\/madeiraisland.news\/index.php?rest_route=%2Fwp%2Fv2%2Fmedia&parent=1208658"}],"wp:term":[{"taxonomy":"category","embeddable":true,"href":"https:\/\/madeiraisland.news\/index.php?rest_route=%2Fwp%2Fv2%2Fcategories&post=1208658"},{"taxonomy":"post_tag","embeddable":true,"href":"https:\/\/madeiraisland.news\/index.php?rest_route=%2Fwp%2Fv2%2Ftags&post=1208658"}],"curies":[{"name":"wp","href":"https:\/\/api.w.org\/{rel}","templated":true}]}}