{"id":1208655,"date":"2026-09-04T09:18:59","date_gmt":"2026-09-04T09:18:59","guid":{"rendered":"https:\/\/madeiraisland.news\/?p=1208655"},"modified":"2026-09-04T09:30:44","modified_gmt":"2026-09-04T09:30:44","slug":"azores-airlines-reduz-prejuizo-mas-perde-371-milhoes-no-primeiro-semestre","status":"publish","type":"post","link":"https:\/\/madeiraisland.news\/?p=1208655","title":{"rendered":"Azores Airlines reduz preju\u00edzo mas perde 37,1 milh\u00f5es no primeiro semestre"},"content":{"rendered":"<p>A Azores Airlines encerrou o primeiro semestre deste ano com um preju\u00edzo de 37,1 milh\u00f5es de euros, ainda assim uma melhoria de cerca de 3,9 milh\u00f5es relativamente aos 41,1 milh\u00f5es negativos registados no mesmo per\u00edodo de 2025.<br \/>\nOs resultados divulgados esta sexta-feira pelo Grupo SATA revelam uma redu\u00e7\u00e3o da opera\u00e7\u00e3o da companhia. Entre Janeiro e Junho foram realizados 5.037 voos, menos 8,1%, e transportados cerca de 701 mil passageiros, contra 759 mil no per\u00edodo hom\u00f3logo, uma quebra de 7,7%. A cap<\/p>\n","protected":false},"excerpt":{"rendered":"<p>A Azores Airlines encerrou o primeiro semestre deste ano com um preju\u00edzo de 37,1 milh\u00f5es de euros, ainda assim uma melhoria de cerca de 3,9 milh\u00f5es relativamente aos 41,1 milh\u00f5es negativos registados no mesmo per\u00edodo<\/p>\n","protected":false},"author":27,"featured_media":0,"comment_status":"open","ping_status":"","sticky":false,"template":"","format":"standard","meta":{"footnotes":""},"categories":[19],"tags":[],"class_list":["post-1208655","post","type-post","status-publish","format-standard","hentry","category-madeira-island-news","infinite-scroll-item","masonry-post","generate-columns","tablet-grid-50","mobile-grid-100","grid-parent","grid-33"],"_links":{"self":[{"href":"https:\/\/madeiraisland.news\/index.php?rest_route=\/wp\/v2\/posts\/1208655","targetHints":{"allow":["GET"]}}],"collection":[{"href":"https:\/\/madeiraisland.news\/index.php?rest_route=\/wp\/v2\/posts"}],"about":[{"href":"https:\/\/madeiraisland.news\/index.php?rest_route=\/wp\/v2\/types\/post"}],"author":[{"embeddable":true,"href":"https:\/\/madeiraisland.news\/index.php?rest_route=\/wp\/v2\/users\/27"}],"replies":[{"embeddable":true,"href":"https:\/\/madeiraisland.news\/index.php?rest_route=%2Fwp%2Fv2%2Fcomments&post=1208655"}],"version-history":[{"count":2,"href":"https:\/\/madeiraisland.news\/index.php?rest_route=\/wp\/v2\/posts\/1208655\/revisions"}],"predecessor-version":[{"id":1208657,"href":"https:\/\/madeiraisland.news\/index.php?rest_route=\/wp\/v2\/posts\/1208655\/revisions\/1208657"}],"wp:attachment":[{"href":"https:\/\/madeiraisland.news\/index.php?rest_route=%2Fwp%2Fv2%2Fmedia&parent=1208655"}],"wp:term":[{"taxonomy":"category","embeddable":true,"href":"https:\/\/madeiraisland.news\/index.php?rest_route=%2Fwp%2Fv2%2Fcategories&post=1208655"},{"taxonomy":"post_tag","embeddable":true,"href":"https:\/\/madeiraisland.news\/index.php?rest_route=%2Fwp%2Fv2%2Ftags&post=1208655"}],"curies":[{"name":"wp","href":"https:\/\/api.w.org\/{rel}","templated":true}]}}