{"id":1208653,"date":"2026-09-04T09:09:47","date_gmt":"2026-09-04T09:09:47","guid":{"rendered":"https:\/\/madeiraisland.news\/?p=1208653"},"modified":"2026-09-04T09:19:01","modified_gmt":"2026-09-04T09:19:01","slug":"acidente-a-envolver-dois-veiculos-na-via-rapida-em-santa-cruz","status":"publish","type":"post","link":"https:\/\/madeiraisland.news\/?p=1208653","title":{"rendered":"Acidente a envolver dois ve\u00edculos na via r\u00e1pida em Santa Cruz"},"content":{"rendered":"<p>Ocorreu, h\u00e1 pouco, um acidente de via\u00e7\u00e3o envolvendo duas viaturas ligeiras, na via r\u00e1pida, junto ao n\u00f3 do aeroporto.<br \/>\nSegundo foi poss\u00edvel apurar, a corpora\u00e7\u00e3o de bombeiros local n\u00e3o foi accionada, pelo que, at\u00e9 ao momento, n\u00e3o h\u00e1 registo de feridos.<br \/>\nNo local encontra-se uma viatura da AIGIH, concession\u00e1ria da via r\u00e1pida, que est\u00e1 a acompanhar e a tomar conta da ocorr\u00eancia.<\/p>\n","protected":false},"excerpt":{"rendered":"<p>Ocorreu, h\u00e1 pouco, um acidente de via\u00e7\u00e3o envolvendo duas viaturas ligeiras, na via r\u00e1pida, junto ao n\u00f3 do aeroporto. Segundo &#8230; <\/p>\n<p class=\"read-more-container\"><a title=\"Acidente a envolver dois ve\u00edculos na via r\u00e1pida em Santa Cruz\" class=\"read-more button\" href=\"https:\/\/madeiraisland.news\/?p=1208653#more-1208653\" aria-label=\"Read more about Acidente a envolver dois ve\u00edculos na via r\u00e1pida em Santa Cruz\">Read more<\/a><\/p>\n","protected":false},"author":20,"featured_media":0,"comment_status":"open","ping_status":"","sticky":false,"template":"","format":"standard","meta":{"footnotes":""},"categories":[19],"tags":[],"class_list":["post-1208653","post","type-post","status-publish","format-standard","hentry","category-madeira-island-news","infinite-scroll-item","masonry-post","generate-columns","tablet-grid-50","mobile-grid-100","grid-parent","grid-33"],"_links":{"self":[{"href":"https:\/\/madeiraisland.news\/index.php?rest_route=\/wp\/v2\/posts\/1208653","targetHints":{"allow":["GET"]}}],"collection":[{"href":"https:\/\/madeiraisland.news\/index.php?rest_route=\/wp\/v2\/posts"}],"about":[{"href":"https:\/\/madeiraisland.news\/index.php?rest_route=\/wp\/v2\/types\/post"}],"author":[{"embeddable":true,"href":"https:\/\/madeiraisland.news\/index.php?rest_route=\/wp\/v2\/users\/20"}],"replies":[{"embeddable":true,"href":"https:\/\/madeiraisland.news\/index.php?rest_route=%2Fwp%2Fv2%2Fcomments&post=1208653"}],"version-history":[{"count":1,"href":"https:\/\/madeiraisland.news\/index.php?rest_route=\/wp\/v2\/posts\/1208653\/revisions"}],"predecessor-version":[{"id":1208654,"href":"https:\/\/madeiraisland.news\/index.php?rest_route=\/wp\/v2\/posts\/1208653\/revisions\/1208654"}],"wp:attachment":[{"href":"https:\/\/madeiraisland.news\/index.php?rest_route=%2Fwp%2Fv2%2Fmedia&parent=1208653"}],"wp:term":[{"taxonomy":"category","embeddable":true,"href":"https:\/\/madeiraisland.news\/index.php?rest_route=%2Fwp%2Fv2%2Fcategories&post=1208653"},{"taxonomy":"post_tag","embeddable":true,"href":"https:\/\/madeiraisland.news\/index.php?rest_route=%2Fwp%2Fv2%2Ftags&post=1208653"}],"curies":[{"name":"wp","href":"https:\/\/api.w.org\/{rel}","templated":true}]}}