{"id":1208647,"date":"2026-09-04T07:40:47","date_gmt":"2026-09-04T07:40:47","guid":{"rendered":"https:\/\/madeiraisland.news\/?p=1208647"},"modified":"2026-09-04T07:47:06","modified_gmt":"2026-09-04T07:47:06","slug":"chega-quer-impedir-agressor-de-receber-indemnizacao","status":"publish","type":"post","link":"https:\/\/madeiraisland.news\/?p=1208647","title":{"rendered":"CHEGA quer impedir agressor de receber indemniza\u00e7\u00e3o"},"content":{"rendered":"<p>O CHEGA entregou na Assembleia da Rep\u00fablica um projecto de lei que pretende refor\u00e7ar a protec\u00e7\u00e3o de quem se defende de agress\u00f5es graves, afastando a possibilidade de o pr\u00f3prio agressor vir a exigir uma indemniza\u00e7\u00e3o pelos danos sofridos durante a reac\u00e7\u00e3o defensiva.<br \/>\nA iniciativa, anunciada pelo deputado madeirense Francisco Gomes, prop\u00f5e uma altera\u00e7\u00e3o a um dos artigos do C\u00f3digo Civil, prevendo a exclus\u00e3o da indemniza\u00e7\u00e3o em situa\u00e7\u00f5es de excesso n\u00e3o culposo de leg\u00edtima defesa.<br \/>\nA proposta aplica-se q<\/p>\n","protected":false},"excerpt":{"rendered":"<p>O CHEGA entregou na Assembleia da Rep\u00fablica um projecto de lei que pretende refor\u00e7ar a protec\u00e7\u00e3o de quem se defende de agress\u00f5es graves, afastando a possibilidade de o pr\u00f3prio agressor vir a exigir uma indemniza\u00e7\u00e3o<\/p>\n","protected":false},"author":304,"featured_media":0,"comment_status":"open","ping_status":"","sticky":false,"template":"","format":"standard","meta":{"footnotes":""},"categories":[19],"tags":[],"class_list":["post-1208647","post","type-post","status-publish","format-standard","hentry","category-madeira-island-news","infinite-scroll-item","masonry-post","generate-columns","tablet-grid-50","mobile-grid-100","grid-parent","grid-33"],"_links":{"self":[{"href":"https:\/\/madeiraisland.news\/index.php?rest_route=\/wp\/v2\/posts\/1208647","targetHints":{"allow":["GET"]}}],"collection":[{"href":"https:\/\/madeiraisland.news\/index.php?rest_route=\/wp\/v2\/posts"}],"about":[{"href":"https:\/\/madeiraisland.news\/index.php?rest_route=\/wp\/v2\/types\/post"}],"author":[{"embeddable":true,"href":"https:\/\/madeiraisland.news\/index.php?rest_route=\/wp\/v2\/users\/304"}],"replies":[{"embeddable":true,"href":"https:\/\/madeiraisland.news\/index.php?rest_route=%2Fwp%2Fv2%2Fcomments&post=1208647"}],"version-history":[{"count":2,"href":"https:\/\/madeiraisland.news\/index.php?rest_route=\/wp\/v2\/posts\/1208647\/revisions"}],"predecessor-version":[{"id":1208649,"href":"https:\/\/madeiraisland.news\/index.php?rest_route=\/wp\/v2\/posts\/1208647\/revisions\/1208649"}],"wp:attachment":[{"href":"https:\/\/madeiraisland.news\/index.php?rest_route=%2Fwp%2Fv2%2Fmedia&parent=1208647"}],"wp:term":[{"taxonomy":"category","embeddable":true,"href":"https:\/\/madeiraisland.news\/index.php?rest_route=%2Fwp%2Fv2%2Fcategories&post=1208647"},{"taxonomy":"post_tag","embeddable":true,"href":"https:\/\/madeiraisland.news\/index.php?rest_route=%2Fwp%2Fv2%2Ftags&post=1208647"}],"curies":[{"name":"wp","href":"https:\/\/api.w.org\/{rel}","templated":true}]}}