{"id":1208645,"date":"2026-09-04T07:14:32","date_gmt":"2026-09-04T07:14:32","guid":{"rendered":"https:\/\/madeiraisland.news\/?p=1208645"},"modified":"2026-09-04T07:30:07","modified_gmt":"2026-09-04T07:30:07","slug":"motociclista-ferido-em-colisao-na-estrada-da-eira-do-serrado","status":"publish","type":"post","link":"https:\/\/madeiraisland.news\/?p=1208645","title":{"rendered":"Motociclista ferido em colis\u00e3o na Estrada da Eira do Serrado"},"content":{"rendered":"<p>Um motociclista de 37 anos ficou ferido, na \u00faltima noite, na sequ\u00eancia de uma colis\u00e3o entre uma mota e um ve\u00edculo ligeiro, na Estrada da Eira do Serrado, em Santo Ant\u00f3nio, no Funchal.<br \/>\nO acidente ocorreu por volta da meia-noite e mobilizou uma ambul\u00e2ncia dos Bombeiros Sapadores do Funchal, com tr\u00eas elementos.<br \/>\n\u00c0 chegada ao local, a v\u00edtima apresentava dores nas zonas lombar e cervical.<br \/>\nDepois de assistido no local, o homem foi transportado para o Hospital Dr. N\u00e9lio Mendon\u00e7a para observa\u00e7\u00e3o.<\/p>\n","protected":false},"excerpt":{"rendered":"<p>Um motociclista de 37 anos ficou ferido, na \u00faltima noite, na sequ\u00eancia de uma colis\u00e3o entre uma mota e um &#8230; <\/p>\n<p class=\"read-more-container\"><a title=\"Motociclista ferido em colis\u00e3o na Estrada da Eira do Serrado\" class=\"read-more button\" href=\"https:\/\/madeiraisland.news\/?p=1208645#more-1208645\" aria-label=\"Read more about Motociclista ferido em colis\u00e3o na Estrada da Eira do Serrado\">Read more<\/a><\/p>\n","protected":false},"author":304,"featured_media":0,"comment_status":"open","ping_status":"","sticky":false,"template":"","format":"standard","meta":{"footnotes":""},"categories":[19],"tags":[],"class_list":["post-1208645","post","type-post","status-publish","format-standard","hentry","category-madeira-island-news","infinite-scroll-item","masonry-post","generate-columns","tablet-grid-50","mobile-grid-100","grid-parent","grid-33"],"_links":{"self":[{"href":"https:\/\/madeiraisland.news\/index.php?rest_route=\/wp\/v2\/posts\/1208645","targetHints":{"allow":["GET"]}}],"collection":[{"href":"https:\/\/madeiraisland.news\/index.php?rest_route=\/wp\/v2\/posts"}],"about":[{"href":"https:\/\/madeiraisland.news\/index.php?rest_route=\/wp\/v2\/types\/post"}],"author":[{"embeddable":true,"href":"https:\/\/madeiraisland.news\/index.php?rest_route=\/wp\/v2\/users\/304"}],"replies":[{"embeddable":true,"href":"https:\/\/madeiraisland.news\/index.php?rest_route=%2Fwp%2Fv2%2Fcomments&post=1208645"}],"version-history":[{"count":1,"href":"https:\/\/madeiraisland.news\/index.php?rest_route=\/wp\/v2\/posts\/1208645\/revisions"}],"predecessor-version":[{"id":1208646,"href":"https:\/\/madeiraisland.news\/index.php?rest_route=\/wp\/v2\/posts\/1208645\/revisions\/1208646"}],"wp:attachment":[{"href":"https:\/\/madeiraisland.news\/index.php?rest_route=%2Fwp%2Fv2%2Fmedia&parent=1208645"}],"wp:term":[{"taxonomy":"category","embeddable":true,"href":"https:\/\/madeiraisland.news\/index.php?rest_route=%2Fwp%2Fv2%2Fcategories&post=1208645"},{"taxonomy":"post_tag","embeddable":true,"href":"https:\/\/madeiraisland.news\/index.php?rest_route=%2Fwp%2Fv2%2Ftags&post=1208645"}],"curies":[{"name":"wp","href":"https:\/\/api.w.org\/{rel}","templated":true}]}}