{"id":1208642,"date":"2026-09-04T06:52:10","date_gmt":"2026-09-04T06:52:10","guid":{"rendered":"https:\/\/madeiraisland.news\/?p=1208642"},"modified":"2026-09-04T07:00:04","modified_gmt":"2026-09-04T07:00:04","slug":"luis-neves-e-mocao-de-censura-marcam-primeiras-paginas","status":"publish","type":"post","link":"https:\/\/madeiraisland.news\/?p=1208642","title":{"rendered":"Lu\u00eds Neves e mo\u00e7\u00e3o de censura marcam primeiras p\u00e1ginas"},"content":{"rendered":"<p>A situa\u00e7\u00e3o de Lu\u00eds Neves e a mo\u00e7\u00e3o de censura apresentada pelo Chega ao Governo est\u00e3o entre os temas em maior destaque na imprensa nacional desta sexta-feira, 4 de Setembro. Economia, sa\u00fade, viol\u00eancia e futebol completam as principais chamadas dos jornais.<br \/>\nO P\u00fablico escreve que o Governo surge unido na defesa de Lu\u00eds Neves, apesar de as cr\u00edticas crescerem dentro do PSD, enquanto o Correio da Manh\u00e3 avan\u00e7a que a Procuradoria-Geral da Rep\u00fablica confirmou a exist\u00eancia de cinco processos envolvendo o<\/p>\n","protected":false},"excerpt":{"rendered":"<p>A situa\u00e7\u00e3o de Lu\u00eds Neves e a mo\u00e7\u00e3o de censura apresentada pelo Chega ao Governo est\u00e3o entre os temas em maior destaque na imprensa nacional desta sexta-feira, 4 de Setembro. Economia, sa\u00fade, viol\u00eancia e futebol<\/p>\n","protected":false},"author":5,"featured_media":0,"comment_status":"open","ping_status":"","sticky":false,"template":"","format":"standard","meta":{"footnotes":""},"categories":[19],"tags":[],"class_list":["post-1208642","post","type-post","status-publish","format-standard","hentry","category-madeira-island-news","infinite-scroll-item","masonry-post","generate-columns","tablet-grid-50","mobile-grid-100","grid-parent","grid-33"],"_links":{"self":[{"href":"https:\/\/madeiraisland.news\/index.php?rest_route=\/wp\/v2\/posts\/1208642","targetHints":{"allow":["GET"]}}],"collection":[{"href":"https:\/\/madeiraisland.news\/index.php?rest_route=\/wp\/v2\/posts"}],"about":[{"href":"https:\/\/madeiraisland.news\/index.php?rest_route=\/wp\/v2\/types\/post"}],"author":[{"embeddable":true,"href":"https:\/\/madeiraisland.news\/index.php?rest_route=\/wp\/v2\/users\/5"}],"replies":[{"embeddable":true,"href":"https:\/\/madeiraisland.news\/index.php?rest_route=%2Fwp%2Fv2%2Fcomments&post=1208642"}],"version-history":[{"count":2,"href":"https:\/\/madeiraisland.news\/index.php?rest_route=\/wp\/v2\/posts\/1208642\/revisions"}],"predecessor-version":[{"id":1208644,"href":"https:\/\/madeiraisland.news\/index.php?rest_route=\/wp\/v2\/posts\/1208642\/revisions\/1208644"}],"wp:attachment":[{"href":"https:\/\/madeiraisland.news\/index.php?rest_route=%2Fwp%2Fv2%2Fmedia&parent=1208642"}],"wp:term":[{"taxonomy":"category","embeddable":true,"href":"https:\/\/madeiraisland.news\/index.php?rest_route=%2Fwp%2Fv2%2Fcategories&post=1208642"},{"taxonomy":"post_tag","embeddable":true,"href":"https:\/\/madeiraisland.news\/index.php?rest_route=%2Fwp%2Fv2%2Ftags&post=1208642"}],"curies":[{"name":"wp","href":"https:\/\/api.w.org\/{rel}","templated":true}]}}