{"id":1208639,"date":"2026-09-04T06:55:33","date_gmt":"2026-09-04T06:55:33","guid":{"rendered":"https:\/\/madeiraisland.news\/?p=1208639"},"modified":"2026-09-04T07:00:04","modified_gmt":"2026-09-04T07:00:04","slug":"associacao-zero-lanca-plataforma-de-acompanhamento-dos-voos-noturnos-em-lisboa","status":"publish","type":"post","link":"https:\/\/madeiraisland.news\/?p=1208639","title":{"rendered":"Associa\u00e7\u00e3o Zero lan\u00e7a plataforma de acompanhamento dos voos noturnos em Lisboa"},"content":{"rendered":"<p>Uma plataforma para acompanhamento dos voos noturnos no Aeroporto Humberto Delgado \u00e9 hoje lan\u00e7ada pela associa\u00e7\u00e3o Zero, segundo a qual Lisboa continua sem direito ao sil\u00eancio 536 dias depois de o Governo prometer noites sem voos.<br \/>\nEste ano, o limite legal de 91 movimentos entre a meia-noite e as 6h00 s\u00f3 foi cumprido em duas semanas, durante uma an\u00e1lise de 35 semanas, de acordo com a Zero.<br \/>\n&#8220;Na semana de 17 a 23 de agosto, houve 187 movimentos, mais 96 do que os 91 permitidos&#8221;, sublinhou a associa\u00e7<\/p>\n","protected":false},"excerpt":{"rendered":"<p>Uma plataforma para acompanhamento dos voos noturnos no Aeroporto Humberto Delgado \u00e9 hoje lan\u00e7ada pela associa\u00e7\u00e3o Zero, segundo a qual Lisboa continua sem direito ao sil\u00eancio 536 dias depois de o Governo prometer noites sem<\/p>\n","protected":false},"author":5,"featured_media":0,"comment_status":"open","ping_status":"","sticky":false,"template":"","format":"standard","meta":{"footnotes":""},"categories":[19],"tags":[],"class_list":["post-1208639","post","type-post","status-publish","format-standard","hentry","category-madeira-island-news","infinite-scroll-item","masonry-post","generate-columns","tablet-grid-50","mobile-grid-100","grid-parent","grid-33"],"_links":{"self":[{"href":"https:\/\/madeiraisland.news\/index.php?rest_route=\/wp\/v2\/posts\/1208639","targetHints":{"allow":["GET"]}}],"collection":[{"href":"https:\/\/madeiraisland.news\/index.php?rest_route=\/wp\/v2\/posts"}],"about":[{"href":"https:\/\/madeiraisland.news\/index.php?rest_route=\/wp\/v2\/types\/post"}],"author":[{"embeddable":true,"href":"https:\/\/madeiraisland.news\/index.php?rest_route=\/wp\/v2\/users\/5"}],"replies":[{"embeddable":true,"href":"https:\/\/madeiraisland.news\/index.php?rest_route=%2Fwp%2Fv2%2Fcomments&post=1208639"}],"version-history":[{"count":2,"href":"https:\/\/madeiraisland.news\/index.php?rest_route=\/wp\/v2\/posts\/1208639\/revisions"}],"predecessor-version":[{"id":1208641,"href":"https:\/\/madeiraisland.news\/index.php?rest_route=\/wp\/v2\/posts\/1208639\/revisions\/1208641"}],"wp:attachment":[{"href":"https:\/\/madeiraisland.news\/index.php?rest_route=%2Fwp%2Fv2%2Fmedia&parent=1208639"}],"wp:term":[{"taxonomy":"category","embeddable":true,"href":"https:\/\/madeiraisland.news\/index.php?rest_route=%2Fwp%2Fv2%2Fcategories&post=1208639"},{"taxonomy":"post_tag","embeddable":true,"href":"https:\/\/madeiraisland.news\/index.php?rest_route=%2Fwp%2Fv2%2Ftags&post=1208639"}],"curies":[{"name":"wp","href":"https:\/\/api.w.org\/{rel}","templated":true}]}}