{"id":1208636,"date":"2026-09-04T06:58:31","date_gmt":"2026-09-04T06:58:31","guid":{"rendered":"https:\/\/madeiraisland.news\/?p=1208636"},"modified":"2026-09-04T07:00:04","modified_gmt":"2026-09-04T07:00:04","slug":"utentes-do-sns-esperam-meio-ano-por-primeira-consulta-com-psicologo","status":"publish","type":"post","link":"https:\/\/madeiraisland.news\/?p=1208636","title":{"rendered":"Utentes do SNS esperam meio ano por primeira consulta com psic\u00f3logo"},"content":{"rendered":"<p>A Ordem dos Psic\u00f3logos Portugueses alertou hoje que os utentes do SNS podem esperar meio ano para terem a primeira consulta com um psic\u00f3logo e que o refor\u00e7o de profissionais nos centros de sa\u00fade e nas escolas \u00e9 insuficiente.<br \/>\n&#8220;Muitas vezes em seis meses o problema da pessoa densifica-se e, em vez de ser uma situa\u00e7\u00e3o que poderia ser facilmente resolvida, \u00e9 uma situa\u00e7\u00e3o que durante seis meses fica a evoluir para uma situa\u00e7\u00e3o mais grave e, portanto, est\u00e1 a penalizar seguramente, em primeiro lugar,<\/p>\n","protected":false},"excerpt":{"rendered":"<p>A Ordem dos Psic\u00f3logos Portugueses alertou hoje que os utentes do SNS podem esperar meio ano para terem a primeira consulta com um psic\u00f3logo e que o refor\u00e7o de profissionais nos centros de sa\u00fade e<\/p>\n","protected":false},"author":5,"featured_media":0,"comment_status":"open","ping_status":"","sticky":false,"template":"","format":"standard","meta":{"footnotes":""},"categories":[19],"tags":[],"class_list":["post-1208636","post","type-post","status-publish","format-standard","hentry","category-madeira-island-news","infinite-scroll-item","masonry-post","generate-columns","tablet-grid-50","mobile-grid-100","grid-parent","grid-33"],"_links":{"self":[{"href":"https:\/\/madeiraisland.news\/index.php?rest_route=\/wp\/v2\/posts\/1208636","targetHints":{"allow":["GET"]}}],"collection":[{"href":"https:\/\/madeiraisland.news\/index.php?rest_route=\/wp\/v2\/posts"}],"about":[{"href":"https:\/\/madeiraisland.news\/index.php?rest_route=\/wp\/v2\/types\/post"}],"author":[{"embeddable":true,"href":"https:\/\/madeiraisland.news\/index.php?rest_route=\/wp\/v2\/users\/5"}],"replies":[{"embeddable":true,"href":"https:\/\/madeiraisland.news\/index.php?rest_route=%2Fwp%2Fv2%2Fcomments&post=1208636"}],"version-history":[{"count":2,"href":"https:\/\/madeiraisland.news\/index.php?rest_route=\/wp\/v2\/posts\/1208636\/revisions"}],"predecessor-version":[{"id":1208638,"href":"https:\/\/madeiraisland.news\/index.php?rest_route=\/wp\/v2\/posts\/1208636\/revisions\/1208638"}],"wp:attachment":[{"href":"https:\/\/madeiraisland.news\/index.php?rest_route=%2Fwp%2Fv2%2Fmedia&parent=1208636"}],"wp:term":[{"taxonomy":"category","embeddable":true,"href":"https:\/\/madeiraisland.news\/index.php?rest_route=%2Fwp%2Fv2%2Fcategories&post=1208636"},{"taxonomy":"post_tag","embeddable":true,"href":"https:\/\/madeiraisland.news\/index.php?rest_route=%2Fwp%2Fv2%2Ftags&post=1208636"}],"curies":[{"name":"wp","href":"https:\/\/api.w.org\/{rel}","templated":true}]}}