{"id":1208634,"date":"2026-09-04T05:30:56","date_gmt":"2026-09-04T05:30:56","guid":{"rendered":"https:\/\/madeiraisland.news\/?p=1208634"},"modified":"2026-09-04T05:44:58","modified_gmt":"2026-09-04T05:44:58","slug":"04-setembro-dia-mundial-da-saude-sexual","status":"publish","type":"post","link":"https:\/\/madeiraisland.news\/?p=1208634","title":{"rendered":"04 Setembro: Dia Mundial da Sa\u00fade Sexual"},"content":{"rendered":"<p>AF! Assinala-se a 4 de setembro o Dia Mundial da Sa\u00fade Sexual, uma data dedicada \u00e0 promo\u00e7\u00e3o de uma viv\u00eancia da sexualidade informada, segura, livre de viol\u00eancia e baseada no respeito pelos direitos de cada pessoa. A efem\u00e9ride procura refor\u00e7ar que a sa\u00fade sexual \u00e9 parte integrante da sa\u00fade e do bem-estar ao longo de [\u2026]<\/p>\n","protected":false},"excerpt":{"rendered":"<p>AF! Assinala-se a 4 de setembro o Dia Mundial da Sa\u00fade Sexual, uma data dedicada \u00e0 promo\u00e7\u00e3o de uma viv\u00eancia &#8230; <\/p>\n<p class=\"read-more-container\"><a title=\"04 Setembro: Dia Mundial da Sa\u00fade Sexual\" class=\"read-more button\" href=\"https:\/\/madeiraisland.news\/?p=1208634#more-1208634\" aria-label=\"Read more about 04 Setembro: Dia Mundial da Sa\u00fade Sexual\">Read more<\/a><\/p>\n","protected":false},"author":260,"featured_media":0,"comment_status":"open","ping_status":"","sticky":false,"template":"","format":"standard","meta":{"footnotes":""},"categories":[19],"tags":[],"class_list":["post-1208634","post","type-post","status-publish","format-standard","hentry","category-madeira-island-news","infinite-scroll-item","masonry-post","generate-columns","tablet-grid-50","mobile-grid-100","grid-parent","grid-33"],"_links":{"self":[{"href":"https:\/\/madeiraisland.news\/index.php?rest_route=\/wp\/v2\/posts\/1208634","targetHints":{"allow":["GET"]}}],"collection":[{"href":"https:\/\/madeiraisland.news\/index.php?rest_route=\/wp\/v2\/posts"}],"about":[{"href":"https:\/\/madeiraisland.news\/index.php?rest_route=\/wp\/v2\/types\/post"}],"author":[{"embeddable":true,"href":"https:\/\/madeiraisland.news\/index.php?rest_route=\/wp\/v2\/users\/260"}],"replies":[{"embeddable":true,"href":"https:\/\/madeiraisland.news\/index.php?rest_route=%2Fwp%2Fv2%2Fcomments&post=1208634"}],"version-history":[{"count":1,"href":"https:\/\/madeiraisland.news\/index.php?rest_route=\/wp\/v2\/posts\/1208634\/revisions"}],"predecessor-version":[{"id":1208635,"href":"https:\/\/madeiraisland.news\/index.php?rest_route=\/wp\/v2\/posts\/1208634\/revisions\/1208635"}],"wp:attachment":[{"href":"https:\/\/madeiraisland.news\/index.php?rest_route=%2Fwp%2Fv2%2Fmedia&parent=1208634"}],"wp:term":[{"taxonomy":"category","embeddable":true,"href":"https:\/\/madeiraisland.news\/index.php?rest_route=%2Fwp%2Fv2%2Fcategories&post=1208634"},{"taxonomy":"post_tag","embeddable":true,"href":"https:\/\/madeiraisland.news\/index.php?rest_route=%2Fwp%2Fv2%2Ftags&post=1208634"}],"curies":[{"name":"wp","href":"https:\/\/api.w.org\/{rel}","templated":true}]}}