{"id":1208631,"date":"2026-09-04T05:00:00","date_gmt":"2026-09-04T05:00:00","guid":{"rendered":"https:\/\/madeiraisland.news\/?p=1208631"},"modified":"2026-09-04T05:17:11","modified_gmt":"2026-09-04T05:17:11","slug":"azores-airlines-reduz-prejuizo-para-371-milhoes-de-euros-no-primeiro-semestre","status":"publish","type":"post","link":"https:\/\/madeiraisland.news\/?p=1208631","title":{"rendered":"Azores Airlines reduz preju\u00edzo para 37,1 milh\u00f5es de euros no primeiro semestre"},"content":{"rendered":"<p>A Azores Airlines registou um preju\u00edzo de 37,1 milh\u00f5es de euros no<br \/>\nprimeiro semestre, menos 3,9 milh\u00f5es face ao per\u00edodo hom\u00f3logo, enquanto a SATA<br \/>\nAir A\u00e7ores baixou o preju\u00edzo para 2,1 milh\u00f5es de euros, foi onte,m revelado.<br \/>\nSegundo a informa\u00e7\u00e3o a que a ag\u00eancia Lusa teve acesso, a Azores<br \/>\nAirlines apresentou um resultado l\u00edquido negativo de 37,1 milh\u00f5es de euros nos<br \/>\nprimeiros seis meses do ano, o que representa uma melhoria de cerca de 3,9<br \/>\nmilh\u00f5es de euros comparativamente ao preju\u00edzo de 41,1 milh\u00f5<\/p>\n","protected":false},"excerpt":{"rendered":"<p>A Azores Airlines registou um preju\u00edzo de 37,1 milh\u00f5es de euros no primeiro semestre, menos 3,9 milh\u00f5es face ao per\u00edodo hom\u00f3logo, enquanto a SATA Air A\u00e7ores baixou o preju\u00edzo para 2,1 milh\u00f5es de euros, foi<\/p>\n","protected":false},"author":5,"featured_media":0,"comment_status":"open","ping_status":"","sticky":false,"template":"","format":"standard","meta":{"footnotes":""},"categories":[19],"tags":[],"class_list":["post-1208631","post","type-post","status-publish","format-standard","hentry","category-madeira-island-news","infinite-scroll-item","masonry-post","generate-columns","tablet-grid-50","mobile-grid-100","grid-parent","grid-33"],"_links":{"self":[{"href":"https:\/\/madeiraisland.news\/index.php?rest_route=\/wp\/v2\/posts\/1208631","targetHints":{"allow":["GET"]}}],"collection":[{"href":"https:\/\/madeiraisland.news\/index.php?rest_route=\/wp\/v2\/posts"}],"about":[{"href":"https:\/\/madeiraisland.news\/index.php?rest_route=\/wp\/v2\/types\/post"}],"author":[{"embeddable":true,"href":"https:\/\/madeiraisland.news\/index.php?rest_route=\/wp\/v2\/users\/5"}],"replies":[{"embeddable":true,"href":"https:\/\/madeiraisland.news\/index.php?rest_route=%2Fwp%2Fv2%2Fcomments&post=1208631"}],"version-history":[{"count":2,"href":"https:\/\/madeiraisland.news\/index.php?rest_route=\/wp\/v2\/posts\/1208631\/revisions"}],"predecessor-version":[{"id":1208633,"href":"https:\/\/madeiraisland.news\/index.php?rest_route=\/wp\/v2\/posts\/1208631\/revisions\/1208633"}],"wp:attachment":[{"href":"https:\/\/madeiraisland.news\/index.php?rest_route=%2Fwp%2Fv2%2Fmedia&parent=1208631"}],"wp:term":[{"taxonomy":"category","embeddable":true,"href":"https:\/\/madeiraisland.news\/index.php?rest_route=%2Fwp%2Fv2%2Fcategories&post=1208631"},{"taxonomy":"post_tag","embeddable":true,"href":"https:\/\/madeiraisland.news\/index.php?rest_route=%2Fwp%2Fv2%2Ftags&post=1208631"}],"curies":[{"name":"wp","href":"https:\/\/api.w.org\/{rel}","templated":true}]}}