{"id":1208628,"date":"2026-09-04T00:00:00","date_gmt":"2026-09-04T00:00:00","guid":{"rendered":"https:\/\/madeiraisland.news\/?p=1208628"},"modified":"2026-09-04T00:15:20","modified_gmt":"2026-09-04T00:15:20","slug":"governo-apela-a-consciencia-individual-para-prevenir-fogos","status":"publish","type":"post","link":"https:\/\/madeiraisland.news\/?p=1208628","title":{"rendered":"Governo apela \u00e0 consci\u00eancia individual para prevenir fogos"},"content":{"rendered":"<p>O secret\u00e1rio de Estado da Prote\u00e7\u00e3o Civil apelou ontem para que<br \/>\nsejam evitados comportamentos de risco de inc\u00eandio e alertou para a dificuldade<br \/>\nacrescida no combate quando acontecem v\u00e1rias igni\u00e7\u00f5es quase em simult\u00e2neo, como<br \/>\naconteceu em Boticas.<br \/>\n&#8220;Permitam que possa utilizar a vossa presen\u00e7a para, de facto,<br \/>\napelar mais uma vez \u00e0 consci\u00eancia individual de cada um de n\u00f3s, de todos os<br \/>\nnossos concidad\u00e3os, porque aquilo que aconteceu nestes inc\u00eandios em Boticas,<br \/>\ncomo j\u00e1 tinha acontecido tamb\u00e9m em Vouze<\/p>\n","protected":false},"excerpt":{"rendered":"<p>O secret\u00e1rio de Estado da Prote\u00e7\u00e3o Civil apelou ontem para que sejam evitados comportamentos de risco de inc\u00eandio e alertou para a dificuldade acrescida no combate quando acontecem v\u00e1rias igni\u00e7\u00f5es quase em simult\u00e2neo, como aconteceu<\/p>\n","protected":false},"author":5,"featured_media":0,"comment_status":"open","ping_status":"","sticky":false,"template":"","format":"standard","meta":{"footnotes":""},"categories":[19],"tags":[],"class_list":["post-1208628","post","type-post","status-publish","format-standard","hentry","category-madeira-island-news","infinite-scroll-item","masonry-post","generate-columns","tablet-grid-50","mobile-grid-100","grid-parent","grid-33"],"_links":{"self":[{"href":"https:\/\/madeiraisland.news\/index.php?rest_route=\/wp\/v2\/posts\/1208628","targetHints":{"allow":["GET"]}}],"collection":[{"href":"https:\/\/madeiraisland.news\/index.php?rest_route=\/wp\/v2\/posts"}],"about":[{"href":"https:\/\/madeiraisland.news\/index.php?rest_route=\/wp\/v2\/types\/post"}],"author":[{"embeddable":true,"href":"https:\/\/madeiraisland.news\/index.php?rest_route=\/wp\/v2\/users\/5"}],"replies":[{"embeddable":true,"href":"https:\/\/madeiraisland.news\/index.php?rest_route=%2Fwp%2Fv2%2Fcomments&post=1208628"}],"version-history":[{"count":2,"href":"https:\/\/madeiraisland.news\/index.php?rest_route=\/wp\/v2\/posts\/1208628\/revisions"}],"predecessor-version":[{"id":1208630,"href":"https:\/\/madeiraisland.news\/index.php?rest_route=\/wp\/v2\/posts\/1208628\/revisions\/1208630"}],"wp:attachment":[{"href":"https:\/\/madeiraisland.news\/index.php?rest_route=%2Fwp%2Fv2%2Fmedia&parent=1208628"}],"wp:term":[{"taxonomy":"category","embeddable":true,"href":"https:\/\/madeiraisland.news\/index.php?rest_route=%2Fwp%2Fv2%2Fcategories&post=1208628"},{"taxonomy":"post_tag","embeddable":true,"href":"https:\/\/madeiraisland.news\/index.php?rest_route=%2Fwp%2Fv2%2Ftags&post=1208628"}],"curies":[{"name":"wp","href":"https:\/\/api.w.org\/{rel}","templated":true}]}}