{"id":1208626,"date":"2026-09-03T20:08:10","date_gmt":"2026-09-03T20:08:10","guid":{"rendered":"https:\/\/madeiraisland.news\/?p=1208626"},"modified":"2026-09-03T20:14:51","modified_gmt":"2026-09-03T20:14:51","slug":"03-setembro-52-o-aniversario-estado-maior-general-das-forcas-armadas-emgfa","status":"publish","type":"post","link":"https:\/\/madeiraisland.news\/?p=1208626","title":{"rendered":"03 setembro: 52.\u00ba anivers\u00e1rio \u2013 Estado-Maior-General das For\u00e7as Armadas (EMGFA)"},"content":{"rendered":"<p>AF! O Estado-Maior-General das For\u00e7as Armadas (EMGFA) assinala esta quinta-feira, 3 de setembro, o seu 52.\u00ba anivers\u00e1rio, numa data que marca a cria\u00e7\u00e3o da estrutura militar que integra as For\u00e7as Armadas e depende do Minist\u00e9rio da Defesa Nacional. Celebra\u00e7\u00e3o na Madeira Este ano, o EMGFA vai comemorar a efem\u00e9ride no Funchal, entre 2 e 4 [\u2026]<\/p>\n","protected":false},"excerpt":{"rendered":"<p>AF! O Estado-Maior-General das For\u00e7as Armadas (EMGFA) assinala esta quinta-feira, 3 de setembro, o seu 52.\u00ba anivers\u00e1rio, numa data que &#8230; <\/p>\n<p class=\"read-more-container\"><a title=\"03 setembro: 52.\u00ba anivers\u00e1rio \u2013 Estado-Maior-General das For\u00e7as Armadas (EMGFA)\" class=\"read-more button\" href=\"https:\/\/madeiraisland.news\/?p=1208626#more-1208626\" aria-label=\"Read more about 03 setembro: 52.\u00ba anivers\u00e1rio \u2013 Estado-Maior-General das For\u00e7as Armadas (EMGFA)\">Read more<\/a><\/p>\n","protected":false},"author":261,"featured_media":0,"comment_status":"open","ping_status":"","sticky":false,"template":"","format":"standard","meta":{"footnotes":""},"categories":[19],"tags":[],"class_list":["post-1208626","post","type-post","status-publish","format-standard","hentry","category-madeira-island-news","infinite-scroll-item","masonry-post","generate-columns","tablet-grid-50","mobile-grid-100","grid-parent","grid-33"],"_links":{"self":[{"href":"https:\/\/madeiraisland.news\/index.php?rest_route=\/wp\/v2\/posts\/1208626","targetHints":{"allow":["GET"]}}],"collection":[{"href":"https:\/\/madeiraisland.news\/index.php?rest_route=\/wp\/v2\/posts"}],"about":[{"href":"https:\/\/madeiraisland.news\/index.php?rest_route=\/wp\/v2\/types\/post"}],"author":[{"embeddable":true,"href":"https:\/\/madeiraisland.news\/index.php?rest_route=\/wp\/v2\/users\/261"}],"replies":[{"embeddable":true,"href":"https:\/\/madeiraisland.news\/index.php?rest_route=%2Fwp%2Fv2%2Fcomments&post=1208626"}],"version-history":[{"count":1,"href":"https:\/\/madeiraisland.news\/index.php?rest_route=\/wp\/v2\/posts\/1208626\/revisions"}],"predecessor-version":[{"id":1208627,"href":"https:\/\/madeiraisland.news\/index.php?rest_route=\/wp\/v2\/posts\/1208626\/revisions\/1208627"}],"wp:attachment":[{"href":"https:\/\/madeiraisland.news\/index.php?rest_route=%2Fwp%2Fv2%2Fmedia&parent=1208626"}],"wp:term":[{"taxonomy":"category","embeddable":true,"href":"https:\/\/madeiraisland.news\/index.php?rest_route=%2Fwp%2Fv2%2Fcategories&post=1208626"},{"taxonomy":"post_tag","embeddable":true,"href":"https:\/\/madeiraisland.news\/index.php?rest_route=%2Fwp%2Fv2%2Ftags&post=1208626"}],"curies":[{"name":"wp","href":"https:\/\/api.w.org\/{rel}","templated":true}]}}